{"id":51092,"date":"2026-04-29T11:13:05","date_gmt":"2026-04-29T09:13:05","guid":{"rendered":"https:\/\/unhz.eu\/fakulteti-juridik\/?p=51092"},"modified":"2026-04-29T11:16:44","modified_gmt":"2026-04-29T09:16:44","slug":"filloi-workshopi-i-dyte-ne-kuader-te-projektit-nawa-2","status":"publish","type":"post","link":"https:\/\/unhz.eu\/fakulteti-juridik\/filloi-workshopi-i-dyte-ne-kuader-te-projektit-nawa-2\/","title":{"rendered":"Filloi workshopi i dyt\u00eb n\u00eb kuad\u00ebr t\u00eb projektit NAWA 2."},"content":{"rendered":"\n<p>N\u00eb qytetin bregdetar t\u00eb Durr\u00ebsit, n\u00eb Universitetin \u201cAleksand\u00ebr Moisiu\u201d, ka filluar workshopi i dyt\u00eb n\u00eb kuad\u00ebr t\u00eb projektit nd\u00ebrkomb\u00ebtar NAWA 2, i cili bashkon pes\u00eb universitete evropiane.<\/p>\n\n\n\n<p>Tema qendrore e k\u00ebtij aktiviteti \u00ebsht\u00eb p\u00ebrgatitja e student\u00ebve t\u00eb diplomuar p\u00ebr tregun evropian t\u00eb pun\u00ebs. N\u00eb projekt marrin pjes\u00eb:<\/p>\n\n\n\n<p>&#8211; Universiteti \u201cHaxhi Zeka\u201d<\/p>\n\n\n\n<p>&#8211; Universiteti \u201cAleksand\u00ebr Moisiu\u201d n\u00eb Durr\u00ebs<\/p>\n\n\n\n<p>&#8211; Universiteti Mendel n\u00eb Brno (\u00c7eki)<\/p>\n\n\n\n<p>&#8211; Universiteti i Opoles (Poloni)<\/p>\n\n\n\n<p>&#8211; Universiteti i Valencias (Spanj\u00eb)<\/p>\n\n\n\n<p>Nga secili universitet jan\u00eb p\u00ebrzgjedhur nga 9 student\u00eb. Universiteti \u201cHaxhi Zeka\u201d p\u00ebrfaq\u00ebsohet nga student\u00ebt: Anisa Krasniqi, Bleona Uka, Enis Gjocaj, Erza Koll\u00e7aku, Gerta Ahma, Lendrit Lluka, Lidra Haxhihasani, Medina Ashani dhe Ujvesa Krasniqi.<\/p>\n\n\n\n<p>Gjat\u00eb k\u00ebtij workshopi treditor, student\u00ebt do t\u00eb trajtojn\u00eb tema q\u00eb lidhen me zhvillimin e q\u00ebndruesh\u00ebm t\u00eb turizmit n\u00eb Evrop\u00eb, duke p\u00ebrfshir\u00eb turizmin familjar dhe turizmin luksoz, me fokus t\u00eb ve\u00e7ant\u00eb n\u00eb potencialet q\u00eb ofron qyteti i Durr\u00ebsit.<\/p>\n\n\n\n<p>Workshopi zhvillohet nga 27 prilli deri m\u00eb 1 maj 2026 dhe organizohet nga Universiteti \u201cAleksand\u00ebr Moisiu\u201d, si mikprit\u00ebs i k\u00ebtij aktiviteti. Student\u00ebt nga Universiteti \u201cHaxhi Zeka\u201d po udh\u00ebhiqen nga prof. dr. Edmond Beqiri dhe prof. asoc. dr. Driton Sylqa.<\/p>\n\n\n\n<p>N\u00eb p\u00ebrmbyllje t\u00eb projektit, student\u00ebt do t\u00eb prezantojn\u00eb punimet e tyre, duke fituar p\u00ebrvoja t\u00eb vlefshme akademike dhe nd\u00ebrkomb\u00ebtare, si dhe duke u p\u00ebrgatitur m\u00eb mir\u00eb p\u00ebr tregun evropian t\u00eb pun\u00ebs.<\/p>\n\n\n\n<p><strong>&nbsp;The second workshop within the NAWA 2 project has started<\/strong><\/p>\n\n\n\n<p>In the coastal city of Durr\u00ebs, at \u201cAleksand\u00ebr Moisiu\u201d University, the second workshop within the international NAWA 2 project has officially begun, bringing together five European universities.<\/p>\n\n\n\n<p>The main focus of this activity is to prepare graduates for the European labor market. The participating institutions are:<\/p>\n\n\n\n<p>&#8211; \u201cHaxhi Zeka\u201d University<\/p>\n\n\n\n<p>&#8211; \u201cAleksand\u00ebr Moisiu\u201d University in Durr\u00ebs<\/p>\n\n\n\n<p>&#8211; Mendel University in Brno (Czech Republic)<\/p>\n\n\n\n<p>&#8211; University of Opole (Poland)<\/p>\n\n\n\n<p>&#8211; University of Valencia (Spain)<\/p>\n\n\n\n<p>Each university is represented by 9 selected students. <a href=\"http:\/\/unhz.eu\" id=\"unhz.eu\">\u201cHaxhi Zeka\u201d University<\/a> is represented by the following students:<\/p>\n\n\n\n<p>Anisa Krasniqi, Bleona Uka, Enis Gjocaj, Erza Koll\u00e7aku, Gerta Ahma, Lendrit Lluka, Lidra Haxhihasani, Medina Ashani and Ujvesa Krasniqi.<\/p>\n\n\n\n<p>During this three-day workshop, students will explore topics related to sustainable tourism development in Europe, including family tourism and luxury tourism, with a special focus on the potentials of the city of Durr\u00ebs.<\/p>\n\n\n\n<p>The workshop takes place from April 27 to May 1, 2026, hosted by \u201cAleksand\u00ebr Moisiu\u201d University. Students from \u201cHaxhi Zeka\u201d University are guided by prof. dr. Edmond Beqiri and assoc. prof. dr. Driton Sylqa.<\/p>\n\n\n\n<p>At the end of the project, students will present their work, gaining valuable academic and international experience and enhancing their readiness for the European job market.<\/p>\n\n\n\n<figure class=\"wp-block-gallery has-nested-images columns-default is-cropped wp-block-gallery-1 is-layout-flex wp-block-gallery-is-layout-flex\">\n<figure class=\"wp-block-image size-large\"><img fetchpriority=\"high\" decoding=\"async\" width=\"1024\" height=\"768\" data-id=\"51093\" src=\"https:\/\/unhz.eu\/fakulteti-juridik\/wp-content\/uploads\/sites\/9\/2026\/04\/Nawa-1-1024x768.jpg\" alt=\"\" class=\"wp-image-51093\" srcset=\"https:\/\/unhz.eu\/fakulteti-juridik\/wp-content\/uploads\/sites\/9\/2026\/04\/Nawa-1-1024x768.jpg 1024w, https:\/\/unhz.eu\/fakulteti-juridik\/wp-content\/uploads\/sites\/9\/2026\/04\/Nawa-1-300x225.jpg 300w, https:\/\/unhz.eu\/fakulteti-juridik\/wp-content\/uploads\/sites\/9\/2026\/04\/Nawa-1-768x576.jpg 768w, https:\/\/unhz.eu\/fakulteti-juridik\/wp-content\/uploads\/sites\/9\/2026\/04\/Nawa-1-16x12.jpg 16w, https:\/\/unhz.eu\/fakulteti-juridik\/wp-content\/uploads\/sites\/9\/2026\/04\/Nawa-1-370x278.jpg 370w, https:\/\/unhz.eu\/fakulteti-juridik\/wp-content\/uploads\/sites\/9\/2026\/04\/Nawa-1-840x630.jpg 840w, https:\/\/unhz.eu\/fakulteti-juridik\/wp-content\/uploads\/sites\/9\/2026\/04\/Nawa-1-410x308.jpg 410w, https:\/\/unhz.eu\/fakulteti-juridik\/wp-content\/uploads\/sites\/9\/2026\/04\/Nawa-1.jpg 1280w\" sizes=\"(max-width: 1024px) 100vw, 1024px\" \/><\/figure>\n\n\n\n<figure class=\"wp-block-image size-large\"><img decoding=\"async\" width=\"1024\" height=\"768\" data-id=\"51094\" src=\"https:\/\/unhz.eu\/fakulteti-juridik\/wp-content\/uploads\/sites\/9\/2026\/04\/Nawa-2-1024x768.png\" alt=\"\" class=\"wp-image-51094\" srcset=\"https:\/\/unhz.eu\/fakulteti-juridik\/wp-content\/uploads\/sites\/9\/2026\/04\/Nawa-2-1024x768.png 1024w, https:\/\/unhz.eu\/fakulteti-juridik\/wp-content\/uploads\/sites\/9\/2026\/04\/Nawa-2-300x225.png 300w, https:\/\/unhz.eu\/fakulteti-juridik\/wp-content\/uploads\/sites\/9\/2026\/04\/Nawa-2-768x576.png 768w, https:\/\/unhz.eu\/fakulteti-juridik\/wp-content\/uploads\/sites\/9\/2026\/04\/Nawa-2-16x12.png 16w, https:\/\/unhz.eu\/fakulteti-juridik\/wp-content\/uploads\/sites\/9\/2026\/04\/Nawa-2-370x278.png 370w, https:\/\/unhz.eu\/fakulteti-juridik\/wp-content\/uploads\/sites\/9\/2026\/04\/Nawa-2-840x630.png 840w, https:\/\/unhz.eu\/fakulteti-juridik\/wp-content\/uploads\/sites\/9\/2026\/04\/Nawa-2-410x308.png 410w, https:\/\/unhz.eu\/fakulteti-juridik\/wp-content\/uploads\/sites\/9\/2026\/04\/Nawa-2.png 1280w\" sizes=\"(max-width: 1024px) 100vw, 1024px\" \/><\/figure>\n\n\n\n<figure class=\"wp-block-image size-large\"><img decoding=\"async\" width=\"1024\" height=\"768\" data-id=\"51095\" src=\"https:\/\/unhz.eu\/fakulteti-juridik\/wp-content\/uploads\/sites\/9\/2026\/04\/Nawa-3-1024x768.jpg\" alt=\"\" class=\"wp-image-51095\" srcset=\"https:\/\/unhz.eu\/fakulteti-juridik\/wp-content\/uploads\/sites\/9\/2026\/04\/Nawa-3-1024x768.jpg 1024w, https:\/\/unhz.eu\/fakulteti-juridik\/wp-content\/uploads\/sites\/9\/2026\/04\/Nawa-3-300x225.jpg 300w, https:\/\/unhz.eu\/fakulteti-juridik\/wp-content\/uploads\/sites\/9\/2026\/04\/Nawa-3-768x576.jpg 768w, https:\/\/unhz.eu\/fakulteti-juridik\/wp-content\/uploads\/sites\/9\/2026\/04\/Nawa-3-16x12.jpg 16w, https:\/\/unhz.eu\/fakulteti-juridik\/wp-content\/uploads\/sites\/9\/2026\/04\/Nawa-3-370x278.jpg 370w, https:\/\/unhz.eu\/fakulteti-juridik\/wp-content\/uploads\/sites\/9\/2026\/04\/Nawa-3-840x630.jpg 840w, https:\/\/unhz.eu\/fakulteti-juridik\/wp-content\/uploads\/sites\/9\/2026\/04\/Nawa-3-410x308.jpg 410w, https:\/\/unhz.eu\/fakulteti-juridik\/wp-content\/uploads\/sites\/9\/2026\/04\/Nawa-3.jpg 1280w\" sizes=\"(max-width: 1024px) 100vw, 1024px\" \/><\/figure>\n\n\n\n<figure class=\"wp-block-image size-large\"><img loading=\"lazy\" decoding=\"async\" width=\"1024\" height=\"768\" data-id=\"51096\" src=\"https:\/\/unhz.eu\/fakulteti-juridik\/wp-content\/uploads\/sites\/9\/2026\/04\/Nawa-4-1024x768.png\" alt=\"\" class=\"wp-image-51096\" srcset=\"https:\/\/unhz.eu\/fakulteti-juridik\/wp-content\/uploads\/sites\/9\/2026\/04\/Nawa-4-1024x768.png 1024w, https:\/\/unhz.eu\/fakulteti-juridik\/wp-content\/uploads\/sites\/9\/2026\/04\/Nawa-4-300x225.png 300w, https:\/\/unhz.eu\/fakulteti-juridik\/wp-content\/uploads\/sites\/9\/2026\/04\/Nawa-4-768x576.png 768w, https:\/\/unhz.eu\/fakulteti-juridik\/wp-content\/uploads\/sites\/9\/2026\/04\/Nawa-4-16x12.png 16w, https:\/\/unhz.eu\/fakulteti-juridik\/wp-content\/uploads\/sites\/9\/2026\/04\/Nawa-4-370x278.png 370w, https:\/\/unhz.eu\/fakulteti-juridik\/wp-content\/uploads\/sites\/9\/2026\/04\/Nawa-4-840x630.png 840w, https:\/\/unhz.eu\/fakulteti-juridik\/wp-content\/uploads\/sites\/9\/2026\/04\/Nawa-4-410x308.png 410w, https:\/\/unhz.eu\/fakulteti-juridik\/wp-content\/uploads\/sites\/9\/2026\/04\/Nawa-4.png 1280w\" sizes=\"(max-width: 1024px) 100vw, 1024px\" \/><\/figure>\n<\/figure>\n\n\n\n<p><\/p>\n","protected":false},"excerpt":{"rendered":"<p>N\u00eb qytetin bregdetar t\u00eb Durr\u00ebsit, n\u00eb Universitetin \u201cAleksand\u00ebr Moisiu\u201d, ka filluar workshopi i dyt\u00eb n\u00eb kuad\u00ebr t\u00eb projektit nd\u00ebrkomb\u00ebtar NAWA 2, i cili bashkon pes\u00eb universitete evropiane. Tema qendrore e&hellip;<\/p>\n","protected":false},"author":11,"featured_media":51093,"comment_status":"closed","ping_status":"closed","sticky":false,"template":"","format":"standard","meta":{"footnotes":""},"categories":[198],"tags":[],"class_list":["post-51092","post","type-post","status-publish","format-standard","has-post-thumbnail","hentry","category-slider"],"yoast_head":"<!-- This site is optimized with the Yoast SEO Premium plugin v27.2 (Yoast SEO v27.2) - https:\/\/yoast.com\/product\/yoast-seo-premium-wordpress\/ -->\n<title>Filloi workshopi i dyt\u00eb n\u00eb kuad\u00ebr t\u00eb projektit NAWA 2. - Fakulteti Juridik<\/title>\n<meta name=\"description\" content=\"N\u00eb Universitetin \u201cHaxhi Zeka\u201d filloi workshopi i dyt\u00eb i projektit nd\u00ebrkomb\u00ebtar NAWA 2, duke forcuar kompetencat e student\u00ebve p\u00ebrmes bashk\u00ebpunimit me universitete evropiane.\" \/>\n<meta name=\"robots\" content=\"index, follow, max-snippet:-1, max-image-preview:large, max-video-preview:-1\" \/>\n<link rel=\"canonical\" href=\"https:\/\/unhz.eu\/fakulteti-juridik\/filloi-workshopi-i-dyte-ne-kuader-te-projektit-nawa-2\/\" \/>\n<meta property=\"og:locale\" content=\"sq_AL\" \/>\n<meta property=\"og:type\" content=\"article\" \/>\n<meta property=\"og:title\" content=\"Filloi workshopi i dyt\u00eb n\u00eb kuad\u00ebr t\u00eb projektit NAWA 2.\" \/>\n<meta property=\"og:description\" content=\"N\u00eb Universitetin \u201cHaxhi Zeka\u201d filloi workshopi i dyt\u00eb i projektit nd\u00ebrkomb\u00ebtar NAWA 2, duke forcuar kompetencat e student\u00ebve p\u00ebrmes bashk\u00ebpunimit me universitete evropiane.\" \/>\n<meta property=\"og:url\" content=\"https:\/\/unhz.eu\/fakulteti-juridik\/filloi-workshopi-i-dyte-ne-kuader-te-projektit-nawa-2\/\" \/>\n<meta property=\"og:site_name\" content=\"Fakulteti Juridik\" \/>\n<meta property=\"article:published_time\" content=\"2026-04-29T09:13:05+00:00\" \/>\n<meta property=\"article:modified_time\" content=\"2026-04-29T09:16:44+00:00\" \/>\n<meta property=\"og:image\" content=\"https:\/\/unhz.eu\/fakulteti-juridik\/wp-content\/uploads\/sites\/9\/2026\/04\/Nawa-1.jpg\" \/>\n\t<meta property=\"og:image:width\" content=\"1280\" \/>\n\t<meta property=\"og:image:height\" content=\"960\" \/>\n\t<meta property=\"og:image:type\" content=\"image\/jpeg\" \/>\n<meta name=\"author\" content=\"andipovataj\" \/>\n<meta name=\"twitter:card\" content=\"summary_large_image\" \/>\n<meta name=\"twitter:label1\" content=\"Written by\" \/>\n\t<meta name=\"twitter:data1\" content=\"andipovataj\" \/>\n\t<meta name=\"twitter:label2\" content=\"Est. reading time\" \/>\n\t<meta name=\"twitter:data2\" content=\"4 minuta\" \/>\n<script type=\"application\/ld+json\" class=\"yoast-schema-graph\">{\"@context\":\"https:\/\/schema.org\",\"@graph\":[{\"@type\":\"Article\",\"@id\":\"https:\/\/unhz.eu\/fakulteti-juridik\/filloi-workshopi-i-dyte-ne-kuader-te-projektit-nawa-2\/#article\",\"isPartOf\":{\"@id\":\"https:\/\/unhz.eu\/fakulteti-juridik\/filloi-workshopi-i-dyte-ne-kuader-te-projektit-nawa-2\/\"},\"author\":{\"name\":\"andipovataj\",\"@id\":\"https:\/\/unhz.eu\/fakulteti-juridik\/#\/schema\/person\/bacd2d4c71c68b81fd3f607aaf0ec6f3\"},\"headline\":\"Filloi workshopi i dyt\u00eb n\u00eb kuad\u00ebr t\u00eb projektit NAWA 2.\",\"datePublished\":\"2026-04-29T09:13:05+00:00\",\"dateModified\":\"2026-04-29T09:16:44+00:00\",\"mainEntityOfPage\":{\"@id\":\"https:\/\/unhz.eu\/fakulteti-juridik\/filloi-workshopi-i-dyte-ne-kuader-te-projektit-nawa-2\/\"},\"wordCount\":469,\"publisher\":{\"@id\":\"https:\/\/unhz.eu\/fakulteti-juridik\/#organization\"},\"image\":{\"@id\":\"https:\/\/unhz.eu\/fakulteti-juridik\/filloi-workshopi-i-dyte-ne-kuader-te-projektit-nawa-2\/#primaryimage\"},\"thumbnailUrl\":\"https:\/\/unhz.eu\/fakulteti-juridik\/wp-content\/uploads\/sites\/9\/2026\/04\/Nawa-1.jpg\",\"articleSection\":[\"Slider\"],\"inLanguage\":\"sq\"},{\"@type\":\"WebPage\",\"@id\":\"https:\/\/unhz.eu\/fakulteti-juridik\/filloi-workshopi-i-dyte-ne-kuader-te-projektit-nawa-2\/\",\"url\":\"https:\/\/unhz.eu\/fakulteti-juridik\/filloi-workshopi-i-dyte-ne-kuader-te-projektit-nawa-2\/\",\"name\":\"Filloi workshopi i dyt\u00eb n\u00eb kuad\u00ebr t\u00eb projektit NAWA 2. - Fakulteti Juridik\",\"isPartOf\":{\"@id\":\"https:\/\/unhz.eu\/fakulteti-juridik\/#website\"},\"primaryImageOfPage\":{\"@id\":\"https:\/\/unhz.eu\/fakulteti-juridik\/filloi-workshopi-i-dyte-ne-kuader-te-projektit-nawa-2\/#primaryimage\"},\"image\":{\"@id\":\"https:\/\/unhz.eu\/fakulteti-juridik\/filloi-workshopi-i-dyte-ne-kuader-te-projektit-nawa-2\/#primaryimage\"},\"thumbnailUrl\":\"https:\/\/unhz.eu\/fakulteti-juridik\/wp-content\/uploads\/sites\/9\/2026\/04\/Nawa-1.jpg\",\"datePublished\":\"2026-04-29T09:13:05+00:00\",\"dateModified\":\"2026-04-29T09:16:44+00:00\",\"description\":\"N\u00eb Universitetin \u201cHaxhi Zeka\u201d filloi workshopi i dyt\u00eb i projektit nd\u00ebrkomb\u00ebtar NAWA 2, duke forcuar kompetencat e student\u00ebve p\u00ebrmes bashk\u00ebpunimit me universitete evropiane.\",\"breadcrumb\":{\"@id\":\"https:\/\/unhz.eu\/fakulteti-juridik\/filloi-workshopi-i-dyte-ne-kuader-te-projektit-nawa-2\/#breadcrumb\"},\"inLanguage\":\"sq\",\"potentialAction\":[{\"@type\":\"ReadAction\",\"target\":[\"https:\/\/unhz.eu\/fakulteti-juridik\/filloi-workshopi-i-dyte-ne-kuader-te-projektit-nawa-2\/\"]}]},{\"@type\":\"ImageObject\",\"inLanguage\":\"sq\",\"@id\":\"https:\/\/unhz.eu\/fakulteti-juridik\/filloi-workshopi-i-dyte-ne-kuader-te-projektit-nawa-2\/#primaryimage\",\"url\":\"https:\/\/unhz.eu\/fakulteti-juridik\/wp-content\/uploads\/sites\/9\/2026\/04\/Nawa-1.jpg\",\"contentUrl\":\"https:\/\/unhz.eu\/fakulteti-juridik\/wp-content\/uploads\/sites\/9\/2026\/04\/Nawa-1.jpg\",\"width\":1280,\"height\":960},{\"@type\":\"BreadcrumbList\",\"@id\":\"https:\/\/unhz.eu\/fakulteti-juridik\/filloi-workshopi-i-dyte-ne-kuader-te-projektit-nawa-2\/#breadcrumb\",\"itemListElement\":[{\"@type\":\"ListItem\",\"position\":1,\"name\":\"Home\",\"item\":\"https:\/\/unhz.eu\/fakulteti-juridik\/\"},{\"@type\":\"ListItem\",\"position\":2,\"name\":\"Filloi workshopi i dyt\u00eb n\u00eb kuad\u00ebr t\u00eb projektit NAWA 2.\"}]},{\"@type\":\"WebSite\",\"@id\":\"https:\/\/unhz.eu\/fakulteti-juridik\/#website\",\"url\":\"https:\/\/unhz.eu\/fakulteti-juridik\/\",\"name\":\"Fakulteti Juridik\",\"description\":\"I dedikuar p\u00ebr cil\u00ebsi standarde dhe suksese\",\"publisher\":{\"@id\":\"https:\/\/unhz.eu\/fakulteti-juridik\/#organization\"},\"potentialAction\":[{\"@type\":\"SearchAction\",\"target\":{\"@type\":\"EntryPoint\",\"urlTemplate\":\"https:\/\/unhz.eu\/fakulteti-juridik\/?s={search_term_string}\"},\"query-input\":{\"@type\":\"PropertyValueSpecification\",\"valueRequired\":true,\"valueName\":\"search_term_string\"}}],\"inLanguage\":\"sq\"},{\"@type\":\"Organization\",\"@id\":\"https:\/\/unhz.eu\/fakulteti-juridik\/#organization\",\"name\":\"Fakulteti Juridik\",\"url\":\"https:\/\/unhz.eu\/fakulteti-juridik\/\",\"logo\":{\"@type\":\"ImageObject\",\"inLanguage\":\"sq\",\"@id\":\"https:\/\/unhz.eu\/fakulteti-juridik\/#\/schema\/logo\/image\/\",\"url\":\"https:\/\/unhz.eu\/fakulteti-juridik\/wp-content\/uploads\/sites\/9\/2024\/02\/cropped-logo-1-1-e1713527702695.png\",\"contentUrl\":\"https:\/\/unhz.eu\/fakulteti-juridik\/wp-content\/uploads\/sites\/9\/2024\/02\/cropped-logo-1-1-e1713527702695.png\",\"width\":100,\"height\":100,\"caption\":\"Fakulteti Juridik\"},\"image\":{\"@id\":\"https:\/\/unhz.eu\/fakulteti-juridik\/#\/schema\/logo\/image\/\"}},{\"@type\":\"Person\",\"@id\":\"https:\/\/unhz.eu\/fakulteti-juridik\/#\/schema\/person\/bacd2d4c71c68b81fd3f607aaf0ec6f3\",\"name\":\"andipovataj\",\"image\":{\"@type\":\"ImageObject\",\"inLanguage\":\"sq\",\"@id\":\"https:\/\/secure.gravatar.com\/avatar\/913346726c9b8719e1b7eeb63b56d6178f001dd608b5c20f2790e4716c4e94df?s=96&d=mm&r=g\",\"url\":\"https:\/\/secure.gravatar.com\/avatar\/913346726c9b8719e1b7eeb63b56d6178f001dd608b5c20f2790e4716c4e94df?s=96&d=mm&r=g\",\"contentUrl\":\"https:\/\/secure.gravatar.com\/avatar\/913346726c9b8719e1b7eeb63b56d6178f001dd608b5c20f2790e4716c4e94df?s=96&d=mm&r=g\",\"caption\":\"andipovataj\"},\"url\":\"https:\/\/unhz.eu\/fakulteti-juridik\/author\/andipovataj\/\"}]}<\/script>\n<!-- \/ Yoast SEO Premium plugin. -->","yoast_head_json":{"title":"Filloi workshopi i dyt\u00eb n\u00eb kuad\u00ebr t\u00eb projektit NAWA 2. - Fakulteti Juridik","description":"N\u00eb Universitetin \u201cHaxhi Zeka\u201d filloi workshopi i dyt\u00eb i projektit nd\u00ebrkomb\u00ebtar NAWA 2, duke forcuar kompetencat e student\u00ebve p\u00ebrmes bashk\u00ebpunimit me universitete evropiane.","robots":{"index":"index","follow":"follow","max-snippet":"max-snippet:-1","max-image-preview":"max-image-preview:large","max-video-preview":"max-video-preview:-1"},"canonical":"https:\/\/unhz.eu\/fakulteti-juridik\/filloi-workshopi-i-dyte-ne-kuader-te-projektit-nawa-2\/","og_locale":"sq_AL","og_type":"article","og_title":"Filloi workshopi i dyt\u00eb n\u00eb kuad\u00ebr t\u00eb projektit NAWA 2.","og_description":"N\u00eb Universitetin \u201cHaxhi Zeka\u201d filloi workshopi i dyt\u00eb i projektit nd\u00ebrkomb\u00ebtar NAWA 2, duke forcuar kompetencat e student\u00ebve p\u00ebrmes bashk\u00ebpunimit me universitete evropiane.","og_url":"https:\/\/unhz.eu\/fakulteti-juridik\/filloi-workshopi-i-dyte-ne-kuader-te-projektit-nawa-2\/","og_site_name":"Fakulteti Juridik","article_published_time":"2026-04-29T09:13:05+00:00","article_modified_time":"2026-04-29T09:16:44+00:00","og_image":[{"width":1280,"height":960,"url":"https:\/\/unhz.eu\/fakulteti-juridik\/wp-content\/uploads\/sites\/9\/2026\/04\/Nawa-1.jpg","type":"image\/jpeg"}],"author":"andipovataj","twitter_card":"summary_large_image","twitter_misc":{"Written by":"andipovataj","Est. reading time":"4 minuta"},"schema":{"@context":"https:\/\/schema.org","@graph":[{"@type":"Article","@id":"https:\/\/unhz.eu\/fakulteti-juridik\/filloi-workshopi-i-dyte-ne-kuader-te-projektit-nawa-2\/#article","isPartOf":{"@id":"https:\/\/unhz.eu\/fakulteti-juridik\/filloi-workshopi-i-dyte-ne-kuader-te-projektit-nawa-2\/"},"author":{"name":"andipovataj","@id":"https:\/\/unhz.eu\/fakulteti-juridik\/#\/schema\/person\/bacd2d4c71c68b81fd3f607aaf0ec6f3"},"headline":"Filloi workshopi i dyt\u00eb n\u00eb kuad\u00ebr t\u00eb projektit NAWA 2.","datePublished":"2026-04-29T09:13:05+00:00","dateModified":"2026-04-29T09:16:44+00:00","mainEntityOfPage":{"@id":"https:\/\/unhz.eu\/fakulteti-juridik\/filloi-workshopi-i-dyte-ne-kuader-te-projektit-nawa-2\/"},"wordCount":469,"publisher":{"@id":"https:\/\/unhz.eu\/fakulteti-juridik\/#organization"},"image":{"@id":"https:\/\/unhz.eu\/fakulteti-juridik\/filloi-workshopi-i-dyte-ne-kuader-te-projektit-nawa-2\/#primaryimage"},"thumbnailUrl":"https:\/\/unhz.eu\/fakulteti-juridik\/wp-content\/uploads\/sites\/9\/2026\/04\/Nawa-1.jpg","articleSection":["Slider"],"inLanguage":"sq"},{"@type":"WebPage","@id":"https:\/\/unhz.eu\/fakulteti-juridik\/filloi-workshopi-i-dyte-ne-kuader-te-projektit-nawa-2\/","url":"https:\/\/unhz.eu\/fakulteti-juridik\/filloi-workshopi-i-dyte-ne-kuader-te-projektit-nawa-2\/","name":"Filloi workshopi i dyt\u00eb n\u00eb kuad\u00ebr t\u00eb projektit NAWA 2. - Fakulteti Juridik","isPartOf":{"@id":"https:\/\/unhz.eu\/fakulteti-juridik\/#website"},"primaryImageOfPage":{"@id":"https:\/\/unhz.eu\/fakulteti-juridik\/filloi-workshopi-i-dyte-ne-kuader-te-projektit-nawa-2\/#primaryimage"},"image":{"@id":"https:\/\/unhz.eu\/fakulteti-juridik\/filloi-workshopi-i-dyte-ne-kuader-te-projektit-nawa-2\/#primaryimage"},"thumbnailUrl":"https:\/\/unhz.eu\/fakulteti-juridik\/wp-content\/uploads\/sites\/9\/2026\/04\/Nawa-1.jpg","datePublished":"2026-04-29T09:13:05+00:00","dateModified":"2026-04-29T09:16:44+00:00","description":"N\u00eb Universitetin \u201cHaxhi Zeka\u201d filloi workshopi i dyt\u00eb i projektit nd\u00ebrkomb\u00ebtar NAWA 2, duke forcuar kompetencat e student\u00ebve p\u00ebrmes bashk\u00ebpunimit me universitete evropiane.","breadcrumb":{"@id":"https:\/\/unhz.eu\/fakulteti-juridik\/filloi-workshopi-i-dyte-ne-kuader-te-projektit-nawa-2\/#breadcrumb"},"inLanguage":"sq","potentialAction":[{"@type":"ReadAction","target":["https:\/\/unhz.eu\/fakulteti-juridik\/filloi-workshopi-i-dyte-ne-kuader-te-projektit-nawa-2\/"]}]},{"@type":"ImageObject","inLanguage":"sq","@id":"https:\/\/unhz.eu\/fakulteti-juridik\/filloi-workshopi-i-dyte-ne-kuader-te-projektit-nawa-2\/#primaryimage","url":"https:\/\/unhz.eu\/fakulteti-juridik\/wp-content\/uploads\/sites\/9\/2026\/04\/Nawa-1.jpg","contentUrl":"https:\/\/unhz.eu\/fakulteti-juridik\/wp-content\/uploads\/sites\/9\/2026\/04\/Nawa-1.jpg","width":1280,"height":960},{"@type":"BreadcrumbList","@id":"https:\/\/unhz.eu\/fakulteti-juridik\/filloi-workshopi-i-dyte-ne-kuader-te-projektit-nawa-2\/#breadcrumb","itemListElement":[{"@type":"ListItem","position":1,"name":"Home","item":"https:\/\/unhz.eu\/fakulteti-juridik\/"},{"@type":"ListItem","position":2,"name":"Filloi workshopi i dyt\u00eb n\u00eb kuad\u00ebr t\u00eb projektit NAWA 2."}]},{"@type":"WebSite","@id":"https:\/\/unhz.eu\/fakulteti-juridik\/#website","url":"https:\/\/unhz.eu\/fakulteti-juridik\/","name":"Fakulteti Juridik","description":"I dedikuar p\u00ebr cil\u00ebsi standarde dhe suksese","publisher":{"@id":"https:\/\/unhz.eu\/fakulteti-juridik\/#organization"},"potentialAction":[{"@type":"SearchAction","target":{"@type":"EntryPoint","urlTemplate":"https:\/\/unhz.eu\/fakulteti-juridik\/?s={search_term_string}"},"query-input":{"@type":"PropertyValueSpecification","valueRequired":true,"valueName":"search_term_string"}}],"inLanguage":"sq"},{"@type":"Organization","@id":"https:\/\/unhz.eu\/fakulteti-juridik\/#organization","name":"Fakulteti Juridik","url":"https:\/\/unhz.eu\/fakulteti-juridik\/","logo":{"@type":"ImageObject","inLanguage":"sq","@id":"https:\/\/unhz.eu\/fakulteti-juridik\/#\/schema\/logo\/image\/","url":"https:\/\/unhz.eu\/fakulteti-juridik\/wp-content\/uploads\/sites\/9\/2024\/02\/cropped-logo-1-1-e1713527702695.png","contentUrl":"https:\/\/unhz.eu\/fakulteti-juridik\/wp-content\/uploads\/sites\/9\/2024\/02\/cropped-logo-1-1-e1713527702695.png","width":100,"height":100,"caption":"Fakulteti Juridik"},"image":{"@id":"https:\/\/unhz.eu\/fakulteti-juridik\/#\/schema\/logo\/image\/"}},{"@type":"Person","@id":"https:\/\/unhz.eu\/fakulteti-juridik\/#\/schema\/person\/bacd2d4c71c68b81fd3f607aaf0ec6f3","name":"andipovataj","image":{"@type":"ImageObject","inLanguage":"sq","@id":"https:\/\/secure.gravatar.com\/avatar\/913346726c9b8719e1b7eeb63b56d6178f001dd608b5c20f2790e4716c4e94df?s=96&d=mm&r=g","url":"https:\/\/secure.gravatar.com\/avatar\/913346726c9b8719e1b7eeb63b56d6178f001dd608b5c20f2790e4716c4e94df?s=96&d=mm&r=g","contentUrl":"https:\/\/secure.gravatar.com\/avatar\/913346726c9b8719e1b7eeb63b56d6178f001dd608b5c20f2790e4716c4e94df?s=96&d=mm&r=g","caption":"andipovataj"},"url":"https:\/\/unhz.eu\/fakulteti-juridik\/author\/andipovataj\/"}]}},"_links":{"self":[{"href":"https:\/\/unhz.eu\/fakulteti-juridik\/wp-json\/wp\/v2\/posts\/51092","targetHints":{"allow":["GET"]}}],"collection":[{"href":"https:\/\/unhz.eu\/fakulteti-juridik\/wp-json\/wp\/v2\/posts"}],"about":[{"href":"https:\/\/unhz.eu\/fakulteti-juridik\/wp-json\/wp\/v2\/types\/post"}],"author":[{"embeddable":true,"href":"https:\/\/unhz.eu\/fakulteti-juridik\/wp-json\/wp\/v2\/users\/11"}],"replies":[{"embeddable":true,"href":"https:\/\/unhz.eu\/fakulteti-juridik\/wp-json\/wp\/v2\/comments?post=51092"}],"version-history":[{"count":2,"href":"https:\/\/unhz.eu\/fakulteti-juridik\/wp-json\/wp\/v2\/posts\/51092\/revisions"}],"predecessor-version":[{"id":51098,"href":"https:\/\/unhz.eu\/fakulteti-juridik\/wp-json\/wp\/v2\/posts\/51092\/revisions\/51098"}],"wp:featuredmedia":[{"embeddable":true,"href":"https:\/\/unhz.eu\/fakulteti-juridik\/wp-json\/wp\/v2\/media\/51093"}],"wp:attachment":[{"href":"https:\/\/unhz.eu\/fakulteti-juridik\/wp-json\/wp\/v2\/media?parent=51092"}],"wp:term":[{"taxonomy":"category","embeddable":true,"href":"https:\/\/unhz.eu\/fakulteti-juridik\/wp-json\/wp\/v2\/categories?post=51092"},{"taxonomy":"post_tag","embeddable":true,"href":"https:\/\/unhz.eu\/fakulteti-juridik\/wp-json\/wp\/v2\/tags?post=51092"}],"curies":[{"name":"wp","href":"https:\/\/api.w.org\/{rel}","templated":true}]}}