{"id":49573,"date":"2026-02-27T11:38:00","date_gmt":"2026-02-27T09:38:00","guid":{"rendered":"https:\/\/unhz.eu\/fakulteti-i-arteve\/?p=49573"},"modified":"2026-03-25T13:09:20","modified_gmt":"2026-03-25T11:09:20","slug":"adelina-paloja-koncert-varshave-fryderyk-chopin","status":"publish","type":"post","link":"https:\/\/unhz.eu\/fakulteti-i-arteve\/adelina-paloja-koncert-varshave-fryderyk-chopin\/","title":{"rendered":"Triumf Artistik i Prof.Ass. Adelina Paloja n\u00eb Zem\u00ebr t\u00eb Varshav\u00ebs"},"content":{"rendered":"\n<figure class=\"wp-block-gallery has-nested-images columns-default is-cropped wp-block-gallery-1 is-layout-flex wp-block-gallery-is-layout-flex\">\n<figure class=\"wp-block-image size-large\"><img fetchpriority=\"high\" decoding=\"async\" width=\"824\" height=\"1024\" data-id=\"49581\" src=\"https:\/\/unhz.eu\/fakulteti-i-arteve\/wp-content\/uploads\/sites\/8\/2026\/03\/SaveClip.App_641229521_18563211739019649_509028710062479686_n-824x1024.jpg\" alt=\"\" class=\"wp-image-49581\" srcset=\"https:\/\/unhz.eu\/fakulteti-i-arteve\/wp-content\/uploads\/sites\/8\/2026\/03\/SaveClip.App_641229521_18563211739019649_509028710062479686_n-824x1024.jpg 824w, https:\/\/unhz.eu\/fakulteti-i-arteve\/wp-content\/uploads\/sites\/8\/2026\/03\/SaveClip.App_641229521_18563211739019649_509028710062479686_n-241x300.jpg 241w, https:\/\/unhz.eu\/fakulteti-i-arteve\/wp-content\/uploads\/sites\/8\/2026\/03\/SaveClip.App_641229521_18563211739019649_509028710062479686_n-768x954.jpg 768w, https:\/\/unhz.eu\/fakulteti-i-arteve\/wp-content\/uploads\/sites\/8\/2026\/03\/SaveClip.App_641229521_18563211739019649_509028710062479686_n-10x12.jpg 10w, https:\/\/unhz.eu\/fakulteti-i-arteve\/wp-content\/uploads\/sites\/8\/2026\/03\/SaveClip.App_641229521_18563211739019649_509028710062479686_n-370x460.jpg 370w, https:\/\/unhz.eu\/fakulteti-i-arteve\/wp-content\/uploads\/sites\/8\/2026\/03\/SaveClip.App_641229521_18563211739019649_509028710062479686_n-840x1044.jpg 840w, https:\/\/unhz.eu\/fakulteti-i-arteve\/wp-content\/uploads\/sites\/8\/2026\/03\/SaveClip.App_641229521_18563211739019649_509028710062479686_n-410x509.jpg 410w, https:\/\/unhz.eu\/fakulteti-i-arteve\/wp-content\/uploads\/sites\/8\/2026\/03\/SaveClip.App_641229521_18563211739019649_509028710062479686_n.jpg 1080w\" sizes=\"(max-width: 824px) 100vw, 824px\" \/><\/figure>\n<\/figure>\n\n\n\n<p>Fakulteti i Arteve\u00a0me krenari t\u00eb lart\u00eb njofton p\u00ebr suksesin madh\u00ebshtor t\u00eb profesoresh\u00ebs son\u00eb t\u00eb solok\u00ebndimit,\u00a0<strong>Prof.Ass. Adelina Paloja<\/strong>, e cila mbr\u00ebm\u00eb shk\u00eblqeu si soliste n\u00eb nj\u00ebr\u00ebn prej skenave m\u00eb prestigjioze t\u00eb Evrop\u00ebs.<\/p>\n\n\n\n<p>N\u00eb Sall\u00ebn e Madhe t\u00eb Koncerteve t\u00eb Universitetit t\u00eb Muzik\u00ebs\u00a0<strong>\u201cFryderyk Chopin\u201d<\/strong>\u00a0n\u00eb Varshav\u00eb t\u00eb Polonis\u00eb, Prof.Ass. Paloja dhuroi nj\u00eb performanc\u00eb virtuoze q\u00eb la mbresa t\u00eb thella te publiku polak. Ky koncert, i titulluar\u00a0<strong>\u201cKosova n\u00eb Tinguj \u2013 Sounds of Kosova\u201d<\/strong>, u realizua n\u00eb bashk\u00ebpunim me\u00a0<strong>Orkestr\u00ebn Harkore t\u00eb Filharmonis\u00eb s\u00eb Kosov\u00ebs<\/strong>\u00a0dhe n\u00ebn patronatin e Ambasad\u00ebs s\u00eb Republik\u00ebs s\u00eb Kosov\u00ebs n\u00eb Poloni.<\/p>\n\n\n\n<p>Z\u00ebri dhe interpretimi i saj i fuqish\u00ebm n\u00eb k\u00ebt\u00eb tempull t\u00eb muzik\u00ebs klasike nuk ishte vet\u00ebm nj\u00eb sukses personal, por nj\u00eb prezantim dinjitoz i vlerave akademike dhe artistike t\u00eb Fakultetit ton\u00eb. Ngjitja n\u00eb k\u00ebt\u00eb sken\u00eb historike, q\u00eb mban emrin e kolosit <strong>Frederic Chopin<\/strong>, rikonfirmon statusin e Prof.Ass. Paloj\u00ebs si nj\u00eb nd\u00ebr ambasadoret m\u00eb t\u00eb shquara t\u00eb artit ton\u00eb vokal n\u00eb bot\u00eb.<\/p>\n\n\n\n<p>Ky triumf n\u00eb Varshav\u00eb sh\u00ebnon nj\u00eb gurthemel t\u00eb r\u00ebnd\u00ebsish\u00ebm n\u00eb promovimin nd\u00ebrkomb\u00ebtar t\u00eb kultur\u00ebs kosovare, duke d\u00ebshmuar se niveli i lart\u00eb profesional i stafit ton\u00eb akademik konkurron denj\u00ebsisht n\u00eb metropolet m\u00eb t\u00eb m\u00ebdha bot\u00ebrore.<\/p>\n\n\n\n<p>Fakulteti i Arteve i shpreh p\u00ebrg\u00ebzimet m\u00eb t\u00eb p\u00ebrzem\u00ebrta t\u00eb Prof.Ass. Adelina Paloja p\u00ebr k\u00ebt\u00eb arritje t\u00eb jasht\u00ebzakonshme!<\/p>\n\n\n\n<figure class=\"wp-block-gallery has-nested-images columns-default is-cropped wp-block-gallery-2 is-layout-flex wp-block-gallery-is-layout-flex\">\n<figure class=\"wp-block-image size-large\"><img decoding=\"async\" width=\"1024\" height=\"1024\" data-id=\"49587\" src=\"https:\/\/unhz.eu\/fakulteti-i-arteve\/wp-content\/uploads\/sites\/8\/2026\/03\/SaveClip.App_645867590_18566250988019649_5340736921626429680_n-1-1024x1024.jpg\" alt=\"\" class=\"wp-image-49587\" srcset=\"https:\/\/unhz.eu\/fakulteti-i-arteve\/wp-content\/uploads\/sites\/8\/2026\/03\/SaveClip.App_645867590_18566250988019649_5340736921626429680_n-1-1024x1024.jpg 1024w, https:\/\/unhz.eu\/fakulteti-i-arteve\/wp-content\/uploads\/sites\/8\/2026\/03\/SaveClip.App_645867590_18566250988019649_5340736921626429680_n-1-300x300.jpg 300w, https:\/\/unhz.eu\/fakulteti-i-arteve\/wp-content\/uploads\/sites\/8\/2026\/03\/SaveClip.App_645867590_18566250988019649_5340736921626429680_n-1-150x150.jpg 150w, https:\/\/unhz.eu\/fakulteti-i-arteve\/wp-content\/uploads\/sites\/8\/2026\/03\/SaveClip.App_645867590_18566250988019649_5340736921626429680_n-1-768x768.jpg 768w, https:\/\/unhz.eu\/fakulteti-i-arteve\/wp-content\/uploads\/sites\/8\/2026\/03\/SaveClip.App_645867590_18566250988019649_5340736921626429680_n-1-12x12.jpg 12w, https:\/\/unhz.eu\/fakulteti-i-arteve\/wp-content\/uploads\/sites\/8\/2026\/03\/SaveClip.App_645867590_18566250988019649_5340736921626429680_n-1-370x370.jpg 370w, https:\/\/unhz.eu\/fakulteti-i-arteve\/wp-content\/uploads\/sites\/8\/2026\/03\/SaveClip.App_645867590_18566250988019649_5340736921626429680_n-1-120x120.jpg 120w, https:\/\/unhz.eu\/fakulteti-i-arteve\/wp-content\/uploads\/sites\/8\/2026\/03\/SaveClip.App_645867590_18566250988019649_5340736921626429680_n-1-840x840.jpg 840w, https:\/\/unhz.eu\/fakulteti-i-arteve\/wp-content\/uploads\/sites\/8\/2026\/03\/SaveClip.App_645867590_18566250988019649_5340736921626429680_n-1-410x410.jpg 410w, https:\/\/unhz.eu\/fakulteti-i-arteve\/wp-content\/uploads\/sites\/8\/2026\/03\/SaveClip.App_645867590_18566250988019649_5340736921626429680_n-1.jpg 1080w\" sizes=\"(max-width: 1024px) 100vw, 1024px\" \/><\/figure>\n\n\n\n<figure class=\"wp-block-image size-large\"><img decoding=\"async\" width=\"1024\" height=\"1024\" data-id=\"49582\" src=\"https:\/\/unhz.eu\/fakulteti-i-arteve\/wp-content\/uploads\/sites\/8\/2026\/03\/SaveClip.App_645953226_18566251063019649_1382946102073571108_n-1-1024x1024.jpg\" alt=\"\" class=\"wp-image-49582\" srcset=\"https:\/\/unhz.eu\/fakulteti-i-arteve\/wp-content\/uploads\/sites\/8\/2026\/03\/SaveClip.App_645953226_18566251063019649_1382946102073571108_n-1-1024x1024.jpg 1024w, https:\/\/unhz.eu\/fakulteti-i-arteve\/wp-content\/uploads\/sites\/8\/2026\/03\/SaveClip.App_645953226_18566251063019649_1382946102073571108_n-1-300x300.jpg 300w, https:\/\/unhz.eu\/fakulteti-i-arteve\/wp-content\/uploads\/sites\/8\/2026\/03\/SaveClip.App_645953226_18566251063019649_1382946102073571108_n-1-150x150.jpg 150w, https:\/\/unhz.eu\/fakulteti-i-arteve\/wp-content\/uploads\/sites\/8\/2026\/03\/SaveClip.App_645953226_18566251063019649_1382946102073571108_n-1-768x768.jpg 768w, https:\/\/unhz.eu\/fakulteti-i-arteve\/wp-content\/uploads\/sites\/8\/2026\/03\/SaveClip.App_645953226_18566251063019649_1382946102073571108_n-1-12x12.jpg 12w, https:\/\/unhz.eu\/fakulteti-i-arteve\/wp-content\/uploads\/sites\/8\/2026\/03\/SaveClip.App_645953226_18566251063019649_1382946102073571108_n-1-370x370.jpg 370w, https:\/\/unhz.eu\/fakulteti-i-arteve\/wp-content\/uploads\/sites\/8\/2026\/03\/SaveClip.App_645953226_18566251063019649_1382946102073571108_n-1-120x120.jpg 120w, https:\/\/unhz.eu\/fakulteti-i-arteve\/wp-content\/uploads\/sites\/8\/2026\/03\/SaveClip.App_645953226_18566251063019649_1382946102073571108_n-1-840x840.jpg 840w, https:\/\/unhz.eu\/fakulteti-i-arteve\/wp-content\/uploads\/sites\/8\/2026\/03\/SaveClip.App_645953226_18566251063019649_1382946102073571108_n-1-410x410.jpg 410w, https:\/\/unhz.eu\/fakulteti-i-arteve\/wp-content\/uploads\/sites\/8\/2026\/03\/SaveClip.App_645953226_18566251063019649_1382946102073571108_n-1.jpg 1080w\" sizes=\"(max-width: 1024px) 100vw, 1024px\" \/><\/figure>\n\n\n\n<figure class=\"wp-block-image size-large\"><img loading=\"lazy\" decoding=\"async\" width=\"1024\" height=\"1024\" data-id=\"49586\" src=\"https:\/\/unhz.eu\/fakulteti-i-arteve\/wp-content\/uploads\/sites\/8\/2026\/03\/SaveClip.App_645878406_18566251006019649_3748788301803043343_n-1-1024x1024.jpg\" alt=\"\" class=\"wp-image-49586\" srcset=\"https:\/\/unhz.eu\/fakulteti-i-arteve\/wp-content\/uploads\/sites\/8\/2026\/03\/SaveClip.App_645878406_18566251006019649_3748788301803043343_n-1-1024x1024.jpg 1024w, https:\/\/unhz.eu\/fakulteti-i-arteve\/wp-content\/uploads\/sites\/8\/2026\/03\/SaveClip.App_645878406_18566251006019649_3748788301803043343_n-1-300x300.jpg 300w, https:\/\/unhz.eu\/fakulteti-i-arteve\/wp-content\/uploads\/sites\/8\/2026\/03\/SaveClip.App_645878406_18566251006019649_3748788301803043343_n-1-150x150.jpg 150w, https:\/\/unhz.eu\/fakulteti-i-arteve\/wp-content\/uploads\/sites\/8\/2026\/03\/SaveClip.App_645878406_18566251006019649_3748788301803043343_n-1-768x768.jpg 768w, https:\/\/unhz.eu\/fakulteti-i-arteve\/wp-content\/uploads\/sites\/8\/2026\/03\/SaveClip.App_645878406_18566251006019649_3748788301803043343_n-1-12x12.jpg 12w, https:\/\/unhz.eu\/fakulteti-i-arteve\/wp-content\/uploads\/sites\/8\/2026\/03\/SaveClip.App_645878406_18566251006019649_3748788301803043343_n-1-370x370.jpg 370w, https:\/\/unhz.eu\/fakulteti-i-arteve\/wp-content\/uploads\/sites\/8\/2026\/03\/SaveClip.App_645878406_18566251006019649_3748788301803043343_n-1-120x120.jpg 120w, https:\/\/unhz.eu\/fakulteti-i-arteve\/wp-content\/uploads\/sites\/8\/2026\/03\/SaveClip.App_645878406_18566251006019649_3748788301803043343_n-1-840x840.jpg 840w, https:\/\/unhz.eu\/fakulteti-i-arteve\/wp-content\/uploads\/sites\/8\/2026\/03\/SaveClip.App_645878406_18566251006019649_3748788301803043343_n-1-410x410.jpg 410w, https:\/\/unhz.eu\/fakulteti-i-arteve\/wp-content\/uploads\/sites\/8\/2026\/03\/SaveClip.App_645878406_18566251006019649_3748788301803043343_n-1.jpg 1080w\" sizes=\"(max-width: 1024px) 100vw, 1024px\" \/><\/figure>\n\n\n\n<figure class=\"wp-block-image size-large\"><img loading=\"lazy\" decoding=\"async\" width=\"1024\" height=\"1024\" data-id=\"49584\" src=\"https:\/\/unhz.eu\/fakulteti-i-arteve\/wp-content\/uploads\/sites\/8\/2026\/03\/SaveClip.App_648559809_18566251015019649_4232584948080546416_n-1-1024x1024.jpg\" alt=\"\" class=\"wp-image-49584\" srcset=\"https:\/\/unhz.eu\/fakulteti-i-arteve\/wp-content\/uploads\/sites\/8\/2026\/03\/SaveClip.App_648559809_18566251015019649_4232584948080546416_n-1-1024x1024.jpg 1024w, https:\/\/unhz.eu\/fakulteti-i-arteve\/wp-content\/uploads\/sites\/8\/2026\/03\/SaveClip.App_648559809_18566251015019649_4232584948080546416_n-1-300x300.jpg 300w, https:\/\/unhz.eu\/fakulteti-i-arteve\/wp-content\/uploads\/sites\/8\/2026\/03\/SaveClip.App_648559809_18566251015019649_4232584948080546416_n-1-150x150.jpg 150w, https:\/\/unhz.eu\/fakulteti-i-arteve\/wp-content\/uploads\/sites\/8\/2026\/03\/SaveClip.App_648559809_18566251015019649_4232584948080546416_n-1-768x768.jpg 768w, https:\/\/unhz.eu\/fakulteti-i-arteve\/wp-content\/uploads\/sites\/8\/2026\/03\/SaveClip.App_648559809_18566251015019649_4232584948080546416_n-1-12x12.jpg 12w, https:\/\/unhz.eu\/fakulteti-i-arteve\/wp-content\/uploads\/sites\/8\/2026\/03\/SaveClip.App_648559809_18566251015019649_4232584948080546416_n-1-370x370.jpg 370w, https:\/\/unhz.eu\/fakulteti-i-arteve\/wp-content\/uploads\/sites\/8\/2026\/03\/SaveClip.App_648559809_18566251015019649_4232584948080546416_n-1-120x120.jpg 120w, https:\/\/unhz.eu\/fakulteti-i-arteve\/wp-content\/uploads\/sites\/8\/2026\/03\/SaveClip.App_648559809_18566251015019649_4232584948080546416_n-1-840x840.jpg 840w, https:\/\/unhz.eu\/fakulteti-i-arteve\/wp-content\/uploads\/sites\/8\/2026\/03\/SaveClip.App_648559809_18566251015019649_4232584948080546416_n-1-410x410.jpg 410w, https:\/\/unhz.eu\/fakulteti-i-arteve\/wp-content\/uploads\/sites\/8\/2026\/03\/SaveClip.App_648559809_18566251015019649_4232584948080546416_n-1.jpg 1080w\" sizes=\"(max-width: 1024px) 100vw, 1024px\" \/><\/figure>\n\n\n\n<figure class=\"wp-block-image size-large\"><img loading=\"lazy\" decoding=\"async\" width=\"1024\" height=\"1024\" data-id=\"49585\" src=\"https:\/\/unhz.eu\/fakulteti-i-arteve\/wp-content\/uploads\/sites\/8\/2026\/03\/SaveClip.App_645967353_18566250997019649_5550512704822467388_n-1-1024x1024.jpg\" alt=\"\" class=\"wp-image-49585\" srcset=\"https:\/\/unhz.eu\/fakulteti-i-arteve\/wp-content\/uploads\/sites\/8\/2026\/03\/SaveClip.App_645967353_18566250997019649_5550512704822467388_n-1-1024x1024.jpg 1024w, https:\/\/unhz.eu\/fakulteti-i-arteve\/wp-content\/uploads\/sites\/8\/2026\/03\/SaveClip.App_645967353_18566250997019649_5550512704822467388_n-1-300x300.jpg 300w, https:\/\/unhz.eu\/fakulteti-i-arteve\/wp-content\/uploads\/sites\/8\/2026\/03\/SaveClip.App_645967353_18566250997019649_5550512704822467388_n-1-150x150.jpg 150w, https:\/\/unhz.eu\/fakulteti-i-arteve\/wp-content\/uploads\/sites\/8\/2026\/03\/SaveClip.App_645967353_18566250997019649_5550512704822467388_n-1-768x768.jpg 768w, https:\/\/unhz.eu\/fakulteti-i-arteve\/wp-content\/uploads\/sites\/8\/2026\/03\/SaveClip.App_645967353_18566250997019649_5550512704822467388_n-1-12x12.jpg 12w, https:\/\/unhz.eu\/fakulteti-i-arteve\/wp-content\/uploads\/sites\/8\/2026\/03\/SaveClip.App_645967353_18566250997019649_5550512704822467388_n-1-370x370.jpg 370w, https:\/\/unhz.eu\/fakulteti-i-arteve\/wp-content\/uploads\/sites\/8\/2026\/03\/SaveClip.App_645967353_18566250997019649_5550512704822467388_n-1-120x120.jpg 120w, https:\/\/unhz.eu\/fakulteti-i-arteve\/wp-content\/uploads\/sites\/8\/2026\/03\/SaveClip.App_645967353_18566250997019649_5550512704822467388_n-1-840x840.jpg 840w, https:\/\/unhz.eu\/fakulteti-i-arteve\/wp-content\/uploads\/sites\/8\/2026\/03\/SaveClip.App_645967353_18566250997019649_5550512704822467388_n-1-410x410.jpg 410w, https:\/\/unhz.eu\/fakulteti-i-arteve\/wp-content\/uploads\/sites\/8\/2026\/03\/SaveClip.App_645967353_18566250997019649_5550512704822467388_n-1.jpg 1080w\" sizes=\"(max-width: 1024px) 100vw, 1024px\" \/><\/figure>\n\n\n\n<figure class=\"wp-block-image size-large\"><img loading=\"lazy\" decoding=\"async\" width=\"1024\" height=\"1024\" data-id=\"49583\" src=\"https:\/\/unhz.eu\/fakulteti-i-arteve\/wp-content\/uploads\/sites\/8\/2026\/03\/SaveClip.App_645931322_18566251036019649_3057893676811245580_n-1-1024x1024.jpg\" alt=\"\" class=\"wp-image-49583\" srcset=\"https:\/\/unhz.eu\/fakulteti-i-arteve\/wp-content\/uploads\/sites\/8\/2026\/03\/SaveClip.App_645931322_18566251036019649_3057893676811245580_n-1-1024x1024.jpg 1024w, https:\/\/unhz.eu\/fakulteti-i-arteve\/wp-content\/uploads\/sites\/8\/2026\/03\/SaveClip.App_645931322_18566251036019649_3057893676811245580_n-1-300x300.jpg 300w, https:\/\/unhz.eu\/fakulteti-i-arteve\/wp-content\/uploads\/sites\/8\/2026\/03\/SaveClip.App_645931322_18566251036019649_3057893676811245580_n-1-150x150.jpg 150w, https:\/\/unhz.eu\/fakulteti-i-arteve\/wp-content\/uploads\/sites\/8\/2026\/03\/SaveClip.App_645931322_18566251036019649_3057893676811245580_n-1-768x768.jpg 768w, https:\/\/unhz.eu\/fakulteti-i-arteve\/wp-content\/uploads\/sites\/8\/2026\/03\/SaveClip.App_645931322_18566251036019649_3057893676811245580_n-1-12x12.jpg 12w, https:\/\/unhz.eu\/fakulteti-i-arteve\/wp-content\/uploads\/sites\/8\/2026\/03\/SaveClip.App_645931322_18566251036019649_3057893676811245580_n-1-370x370.jpg 370w, https:\/\/unhz.eu\/fakulteti-i-arteve\/wp-content\/uploads\/sites\/8\/2026\/03\/SaveClip.App_645931322_18566251036019649_3057893676811245580_n-1-120x120.jpg 120w, https:\/\/unhz.eu\/fakulteti-i-arteve\/wp-content\/uploads\/sites\/8\/2026\/03\/SaveClip.App_645931322_18566251036019649_3057893676811245580_n-1-840x840.jpg 840w, https:\/\/unhz.eu\/fakulteti-i-arteve\/wp-content\/uploads\/sites\/8\/2026\/03\/SaveClip.App_645931322_18566251036019649_3057893676811245580_n-1-410x410.jpg 410w, https:\/\/unhz.eu\/fakulteti-i-arteve\/wp-content\/uploads\/sites\/8\/2026\/03\/SaveClip.App_645931322_18566251036019649_3057893676811245580_n-1.jpg 1080w\" sizes=\"(max-width: 1024px) 100vw, 1024px\" \/><\/figure>\n<\/figure>\n","protected":false},"excerpt":{"rendered":"<p>Fakulteti i Arteve\u00a0me krenari t\u00eb lart\u00eb njofton p\u00ebr suksesin madh\u00ebshtor t\u00eb profesoresh\u00ebs son\u00eb t\u00eb solok\u00ebndimit,\u00a0Prof.Ass. Adelina Paloja, e cila mbr\u00ebm\u00eb shk\u00eblqeu si soliste n\u00eb nj\u00ebr\u00ebn prej skenave m\u00eb prestigjioze t\u00eb&hellip;<\/p>\n","protected":false},"author":15,"featured_media":49574,"comment_status":"open","ping_status":"open","sticky":false,"template":"","format":"standard","meta":{"footnotes":""},"categories":[219,196,198],"tags":[],"class_list":["post-49573","post","type-post","status-publish","format-standard","has-post-thumbnail","hentry","category-fakulteti-i-arteve-lajmet-dhe-ngjarjet","category-lajmet-dhe-ngjarjet","category-slider"],"yoast_head":"<!-- This site is optimized with the Yoast SEO Premium plugin v27.2 (Yoast SEO v27.2) - https:\/\/yoast.com\/product\/yoast-seo-premium-wordpress\/ -->\n<title>Triumf Artistik i Prof.Ass. Adelina Paloja n\u00eb Zem\u00ebr t\u00eb Varshav\u00ebs - Fakulteti i Arteve<\/title>\n<meta name=\"description\" content=\"Profesoresha e solok\u00ebndimit, Adelina Paloja, shk\u00eblqen si soliste n\u00eb Varshav\u00eb me Filharmonin\u00eb e Kosov\u00ebs. Nj\u00eb sukses madh\u00ebshtor i Fakultetit t\u00eb Arteve n\u00eb Poloni.\" \/>\n<meta name=\"robots\" content=\"index, follow, max-snippet:-1, max-image-preview:large, max-video-preview:-1\" \/>\n<link rel=\"canonical\" href=\"https:\/\/unhz.eu\/fakulteti-i-arteve\/adelina-paloja-koncert-varshave-fryderyk-chopin\/\" \/>\n<meta property=\"og:locale\" content=\"sq_AL\" \/>\n<meta property=\"og:type\" content=\"article\" \/>\n<meta property=\"og:title\" content=\"Triumf Artistik i Prof.Ass. Adelina Paloja n\u00eb Zem\u00ebr t\u00eb Varshav\u00ebs\" \/>\n<meta property=\"og:description\" content=\"Profesoresha e solok\u00ebndimit, Adelina Paloja, shk\u00eblqen si soliste n\u00eb Varshav\u00eb me Filharmonin\u00eb e Kosov\u00ebs. Nj\u00eb sukses madh\u00ebshtor i Fakultetit t\u00eb Arteve n\u00eb Poloni.\" \/>\n<meta property=\"og:url\" content=\"https:\/\/unhz.eu\/fakulteti-i-arteve\/adelina-paloja-koncert-varshave-fryderyk-chopin\/\" \/>\n<meta property=\"og:site_name\" content=\"Fakulteti i Arteve\" \/>\n<meta property=\"article:published_time\" content=\"2026-02-27T09:38:00+00:00\" \/>\n<meta property=\"article:modified_time\" content=\"2026-03-25T11:09:20+00:00\" \/>\n<meta property=\"og:image\" content=\"https:\/\/unhz.eu\/fakulteti-i-arteve\/wp-content\/uploads\/sites\/8\/2026\/03\/Screenshot-2026-03-25-at-11.11.52-AM.png\" \/>\n\t<meta property=\"og:image:width\" content=\"1491\" \/>\n\t<meta property=\"og:image:height\" content=\"893\" \/>\n\t<meta property=\"og:image:type\" content=\"image\/png\" \/>\n<meta name=\"author\" content=\"gentkumnova\" \/>\n<meta name=\"twitter:card\" content=\"summary_large_image\" \/>\n<meta name=\"twitter:label1\" content=\"Written by\" \/>\n\t<meta name=\"twitter:data1\" content=\"gentkumnova\" \/>\n\t<meta name=\"twitter:label2\" content=\"Est. reading time\" \/>\n\t<meta name=\"twitter:data2\" content=\"3 minuta\" \/>\n<script type=\"application\/ld+json\" class=\"yoast-schema-graph\">{\"@context\":\"https:\/\/schema.org\",\"@graph\":[{\"@type\":\"Article\",\"@id\":\"https:\/\/unhz.eu\/fakulteti-i-arteve\/adelina-paloja-koncert-varshave-fryderyk-chopin\/#article\",\"isPartOf\":{\"@id\":\"https:\/\/unhz.eu\/fakulteti-i-arteve\/adelina-paloja-koncert-varshave-fryderyk-chopin\/\"},\"author\":{\"name\":\"gentkumnova\",\"@id\":\"https:\/\/unhz.eu\/fakulteti-i-arteve\/#\/schema\/person\/240b028d97ae8156c4ff7209c34c5307\"},\"headline\":\"Triumf Artistik i Prof.Ass. Adelina Paloja n\u00eb Zem\u00ebr t\u00eb Varshav\u00ebs\",\"datePublished\":\"2026-02-27T09:38:00+00:00\",\"dateModified\":\"2026-03-25T11:09:20+00:00\",\"mainEntityOfPage\":{\"@id\":\"https:\/\/unhz.eu\/fakulteti-i-arteve\/adelina-paloja-koncert-varshave-fryderyk-chopin\/\"},\"wordCount\":269,\"commentCount\":0,\"publisher\":{\"@id\":\"https:\/\/unhz.eu\/fakulteti-i-arteve\/#organization\"},\"image\":{\"@id\":\"https:\/\/unhz.eu\/fakulteti-i-arteve\/adelina-paloja-koncert-varshave-fryderyk-chopin\/#primaryimage\"},\"thumbnailUrl\":\"https:\/\/unhz.eu\/fakulteti-i-arteve\/wp-content\/uploads\/sites\/8\/2026\/03\/Screenshot-2026-03-25-at-11.11.52-AM.png\",\"articleSection\":[\"Fakulteti i Arteve - Lajmet dhe ngjarjet\",\"Lajmet dhe ngjarjet\",\"Slider\"],\"inLanguage\":\"sq\",\"potentialAction\":[{\"@type\":\"CommentAction\",\"name\":\"Comment\",\"target\":[\"https:\/\/unhz.eu\/fakulteti-i-arteve\/adelina-paloja-koncert-varshave-fryderyk-chopin\/#respond\"]}]},{\"@type\":\"WebPage\",\"@id\":\"https:\/\/unhz.eu\/fakulteti-i-arteve\/adelina-paloja-koncert-varshave-fryderyk-chopin\/\",\"url\":\"https:\/\/unhz.eu\/fakulteti-i-arteve\/adelina-paloja-koncert-varshave-fryderyk-chopin\/\",\"name\":\"Triumf Artistik i Prof.Ass. Adelina Paloja n\u00eb Zem\u00ebr t\u00eb Varshav\u00ebs - Fakulteti i Arteve\",\"isPartOf\":{\"@id\":\"https:\/\/unhz.eu\/fakulteti-i-arteve\/#website\"},\"primaryImageOfPage\":{\"@id\":\"https:\/\/unhz.eu\/fakulteti-i-arteve\/adelina-paloja-koncert-varshave-fryderyk-chopin\/#primaryimage\"},\"image\":{\"@id\":\"https:\/\/unhz.eu\/fakulteti-i-arteve\/adelina-paloja-koncert-varshave-fryderyk-chopin\/#primaryimage\"},\"thumbnailUrl\":\"https:\/\/unhz.eu\/fakulteti-i-arteve\/wp-content\/uploads\/sites\/8\/2026\/03\/Screenshot-2026-03-25-at-11.11.52-AM.png\",\"datePublished\":\"2026-02-27T09:38:00+00:00\",\"dateModified\":\"2026-03-25T11:09:20+00:00\",\"description\":\"Profesoresha e solok\u00ebndimit, Adelina Paloja, shk\u00eblqen si soliste n\u00eb Varshav\u00eb me Filharmonin\u00eb e Kosov\u00ebs. Nj\u00eb sukses madh\u00ebshtor i Fakultetit t\u00eb Arteve n\u00eb Poloni.\",\"breadcrumb\":{\"@id\":\"https:\/\/unhz.eu\/fakulteti-i-arteve\/adelina-paloja-koncert-varshave-fryderyk-chopin\/#breadcrumb\"},\"inLanguage\":\"sq\",\"potentialAction\":[{\"@type\":\"ReadAction\",\"target\":[\"https:\/\/unhz.eu\/fakulteti-i-arteve\/adelina-paloja-koncert-varshave-fryderyk-chopin\/\"]}]},{\"@type\":\"ImageObject\",\"inLanguage\":\"sq\",\"@id\":\"https:\/\/unhz.eu\/fakulteti-i-arteve\/adelina-paloja-koncert-varshave-fryderyk-chopin\/#primaryimage\",\"url\":\"https:\/\/unhz.eu\/fakulteti-i-arteve\/wp-content\/uploads\/sites\/8\/2026\/03\/Screenshot-2026-03-25-at-11.11.52-AM.png\",\"contentUrl\":\"https:\/\/unhz.eu\/fakulteti-i-arteve\/wp-content\/uploads\/sites\/8\/2026\/03\/Screenshot-2026-03-25-at-11.11.52-AM.png\",\"width\":1491,\"height\":893},{\"@type\":\"BreadcrumbList\",\"@id\":\"https:\/\/unhz.eu\/fakulteti-i-arteve\/adelina-paloja-koncert-varshave-fryderyk-chopin\/#breadcrumb\",\"itemListElement\":[{\"@type\":\"ListItem\",\"position\":1,\"name\":\"Home\",\"item\":\"https:\/\/unhz.eu\/fakulteti-i-arteve\/\"},{\"@type\":\"ListItem\",\"position\":2,\"name\":\"Triumf Artistik i Prof.Ass. Adelina Paloja n\u00eb Zem\u00ebr t\u00eb Varshav\u00ebs\"}]},{\"@type\":\"WebSite\",\"@id\":\"https:\/\/unhz.eu\/fakulteti-i-arteve\/#website\",\"url\":\"https:\/\/unhz.eu\/fakulteti-i-arteve\/\",\"name\":\"Fakulteti i Arteve\",\"description\":\"I dedikuar p\u00ebr cil\u00ebsi standarde dhe suksese\",\"publisher\":{\"@id\":\"https:\/\/unhz.eu\/fakulteti-i-arteve\/#organization\"},\"potentialAction\":[{\"@type\":\"SearchAction\",\"target\":{\"@type\":\"EntryPoint\",\"urlTemplate\":\"https:\/\/unhz.eu\/fakulteti-i-arteve\/?s={search_term_string}\"},\"query-input\":{\"@type\":\"PropertyValueSpecification\",\"valueRequired\":true,\"valueName\":\"search_term_string\"}}],\"inLanguage\":\"sq\"},{\"@type\":\"Organization\",\"@id\":\"https:\/\/unhz.eu\/fakulteti-i-arteve\/#organization\",\"name\":\"Fakulteti i Arteve\",\"url\":\"https:\/\/unhz.eu\/fakulteti-i-arteve\/\",\"logo\":{\"@type\":\"ImageObject\",\"inLanguage\":\"sq\",\"@id\":\"https:\/\/unhz.eu\/fakulteti-i-arteve\/#\/schema\/logo\/image\/\",\"url\":\"https:\/\/unhz.eu\/fakulteti-i-arteve\/wp-content\/uploads\/sites\/8\/2024\/02\/cropped-logo-1-1-e1713527702695.png\",\"contentUrl\":\"https:\/\/unhz.eu\/fakulteti-i-arteve\/wp-content\/uploads\/sites\/8\/2024\/02\/cropped-logo-1-1-e1713527702695.png\",\"width\":100,\"height\":100,\"caption\":\"Fakulteti i Arteve\"},\"image\":{\"@id\":\"https:\/\/unhz.eu\/fakulteti-i-arteve\/#\/schema\/logo\/image\/\"}},{\"@type\":\"Person\",\"@id\":\"https:\/\/unhz.eu\/fakulteti-i-arteve\/#\/schema\/person\/240b028d97ae8156c4ff7209c34c5307\",\"name\":\"gentkumnova\",\"image\":{\"@type\":\"ImageObject\",\"inLanguage\":\"sq\",\"@id\":\"https:\/\/secure.gravatar.com\/avatar\/cc8c3bd7b395dc9a45ac1761b660a4a443d7c03350bbb074b6d53804d663c634?s=96&d=mm&r=g\",\"url\":\"https:\/\/secure.gravatar.com\/avatar\/cc8c3bd7b395dc9a45ac1761b660a4a443d7c03350bbb074b6d53804d663c634?s=96&d=mm&r=g\",\"contentUrl\":\"https:\/\/secure.gravatar.com\/avatar\/cc8c3bd7b395dc9a45ac1761b660a4a443d7c03350bbb074b6d53804d663c634?s=96&d=mm&r=g\",\"caption\":\"gentkumnova\"},\"url\":\"https:\/\/unhz.eu\/fakulteti-i-arteve\/author\/gentkumnova\/\"}]}<\/script>\n<!-- \/ Yoast SEO Premium plugin. -->","yoast_head_json":{"title":"Triumf Artistik i Prof.Ass. Adelina Paloja n\u00eb Zem\u00ebr t\u00eb Varshav\u00ebs - Fakulteti i Arteve","description":"Profesoresha e solok\u00ebndimit, Adelina Paloja, shk\u00eblqen si soliste n\u00eb Varshav\u00eb me Filharmonin\u00eb e Kosov\u00ebs. Nj\u00eb sukses madh\u00ebshtor i Fakultetit t\u00eb Arteve n\u00eb Poloni.","robots":{"index":"index","follow":"follow","max-snippet":"max-snippet:-1","max-image-preview":"max-image-preview:large","max-video-preview":"max-video-preview:-1"},"canonical":"https:\/\/unhz.eu\/fakulteti-i-arteve\/adelina-paloja-koncert-varshave-fryderyk-chopin\/","og_locale":"sq_AL","og_type":"article","og_title":"Triumf Artistik i Prof.Ass. Adelina Paloja n\u00eb Zem\u00ebr t\u00eb Varshav\u00ebs","og_description":"Profesoresha e solok\u00ebndimit, Adelina Paloja, shk\u00eblqen si soliste n\u00eb Varshav\u00eb me Filharmonin\u00eb e Kosov\u00ebs. Nj\u00eb sukses madh\u00ebshtor i Fakultetit t\u00eb Arteve n\u00eb Poloni.","og_url":"https:\/\/unhz.eu\/fakulteti-i-arteve\/adelina-paloja-koncert-varshave-fryderyk-chopin\/","og_site_name":"Fakulteti i Arteve","article_published_time":"2026-02-27T09:38:00+00:00","article_modified_time":"2026-03-25T11:09:20+00:00","og_image":[{"width":1491,"height":893,"url":"https:\/\/unhz.eu\/fakulteti-i-arteve\/wp-content\/uploads\/sites\/8\/2026\/03\/Screenshot-2026-03-25-at-11.11.52-AM.png","type":"image\/png"}],"author":"gentkumnova","twitter_card":"summary_large_image","twitter_misc":{"Written by":"gentkumnova","Est. reading time":"3 minuta"},"schema":{"@context":"https:\/\/schema.org","@graph":[{"@type":"Article","@id":"https:\/\/unhz.eu\/fakulteti-i-arteve\/adelina-paloja-koncert-varshave-fryderyk-chopin\/#article","isPartOf":{"@id":"https:\/\/unhz.eu\/fakulteti-i-arteve\/adelina-paloja-koncert-varshave-fryderyk-chopin\/"},"author":{"name":"gentkumnova","@id":"https:\/\/unhz.eu\/fakulteti-i-arteve\/#\/schema\/person\/240b028d97ae8156c4ff7209c34c5307"},"headline":"Triumf Artistik i Prof.Ass. Adelina Paloja n\u00eb Zem\u00ebr t\u00eb Varshav\u00ebs","datePublished":"2026-02-27T09:38:00+00:00","dateModified":"2026-03-25T11:09:20+00:00","mainEntityOfPage":{"@id":"https:\/\/unhz.eu\/fakulteti-i-arteve\/adelina-paloja-koncert-varshave-fryderyk-chopin\/"},"wordCount":269,"commentCount":0,"publisher":{"@id":"https:\/\/unhz.eu\/fakulteti-i-arteve\/#organization"},"image":{"@id":"https:\/\/unhz.eu\/fakulteti-i-arteve\/adelina-paloja-koncert-varshave-fryderyk-chopin\/#primaryimage"},"thumbnailUrl":"https:\/\/unhz.eu\/fakulteti-i-arteve\/wp-content\/uploads\/sites\/8\/2026\/03\/Screenshot-2026-03-25-at-11.11.52-AM.png","articleSection":["Fakulteti i Arteve - Lajmet dhe ngjarjet","Lajmet dhe ngjarjet","Slider"],"inLanguage":"sq","potentialAction":[{"@type":"CommentAction","name":"Comment","target":["https:\/\/unhz.eu\/fakulteti-i-arteve\/adelina-paloja-koncert-varshave-fryderyk-chopin\/#respond"]}]},{"@type":"WebPage","@id":"https:\/\/unhz.eu\/fakulteti-i-arteve\/adelina-paloja-koncert-varshave-fryderyk-chopin\/","url":"https:\/\/unhz.eu\/fakulteti-i-arteve\/adelina-paloja-koncert-varshave-fryderyk-chopin\/","name":"Triumf Artistik i Prof.Ass. Adelina Paloja n\u00eb Zem\u00ebr t\u00eb Varshav\u00ebs - Fakulteti i Arteve","isPartOf":{"@id":"https:\/\/unhz.eu\/fakulteti-i-arteve\/#website"},"primaryImageOfPage":{"@id":"https:\/\/unhz.eu\/fakulteti-i-arteve\/adelina-paloja-koncert-varshave-fryderyk-chopin\/#primaryimage"},"image":{"@id":"https:\/\/unhz.eu\/fakulteti-i-arteve\/adelina-paloja-koncert-varshave-fryderyk-chopin\/#primaryimage"},"thumbnailUrl":"https:\/\/unhz.eu\/fakulteti-i-arteve\/wp-content\/uploads\/sites\/8\/2026\/03\/Screenshot-2026-03-25-at-11.11.52-AM.png","datePublished":"2026-02-27T09:38:00+00:00","dateModified":"2026-03-25T11:09:20+00:00","description":"Profesoresha e solok\u00ebndimit, Adelina Paloja, shk\u00eblqen si soliste n\u00eb Varshav\u00eb me Filharmonin\u00eb e Kosov\u00ebs. Nj\u00eb sukses madh\u00ebshtor i Fakultetit t\u00eb Arteve n\u00eb Poloni.","breadcrumb":{"@id":"https:\/\/unhz.eu\/fakulteti-i-arteve\/adelina-paloja-koncert-varshave-fryderyk-chopin\/#breadcrumb"},"inLanguage":"sq","potentialAction":[{"@type":"ReadAction","target":["https:\/\/unhz.eu\/fakulteti-i-arteve\/adelina-paloja-koncert-varshave-fryderyk-chopin\/"]}]},{"@type":"ImageObject","inLanguage":"sq","@id":"https:\/\/unhz.eu\/fakulteti-i-arteve\/adelina-paloja-koncert-varshave-fryderyk-chopin\/#primaryimage","url":"https:\/\/unhz.eu\/fakulteti-i-arteve\/wp-content\/uploads\/sites\/8\/2026\/03\/Screenshot-2026-03-25-at-11.11.52-AM.png","contentUrl":"https:\/\/unhz.eu\/fakulteti-i-arteve\/wp-content\/uploads\/sites\/8\/2026\/03\/Screenshot-2026-03-25-at-11.11.52-AM.png","width":1491,"height":893},{"@type":"BreadcrumbList","@id":"https:\/\/unhz.eu\/fakulteti-i-arteve\/adelina-paloja-koncert-varshave-fryderyk-chopin\/#breadcrumb","itemListElement":[{"@type":"ListItem","position":1,"name":"Home","item":"https:\/\/unhz.eu\/fakulteti-i-arteve\/"},{"@type":"ListItem","position":2,"name":"Triumf Artistik i Prof.Ass. Adelina Paloja n\u00eb Zem\u00ebr t\u00eb Varshav\u00ebs"}]},{"@type":"WebSite","@id":"https:\/\/unhz.eu\/fakulteti-i-arteve\/#website","url":"https:\/\/unhz.eu\/fakulteti-i-arteve\/","name":"Fakulteti i Arteve","description":"I dedikuar p\u00ebr cil\u00ebsi standarde dhe suksese","publisher":{"@id":"https:\/\/unhz.eu\/fakulteti-i-arteve\/#organization"},"potentialAction":[{"@type":"SearchAction","target":{"@type":"EntryPoint","urlTemplate":"https:\/\/unhz.eu\/fakulteti-i-arteve\/?s={search_term_string}"},"query-input":{"@type":"PropertyValueSpecification","valueRequired":true,"valueName":"search_term_string"}}],"inLanguage":"sq"},{"@type":"Organization","@id":"https:\/\/unhz.eu\/fakulteti-i-arteve\/#organization","name":"Fakulteti i Arteve","url":"https:\/\/unhz.eu\/fakulteti-i-arteve\/","logo":{"@type":"ImageObject","inLanguage":"sq","@id":"https:\/\/unhz.eu\/fakulteti-i-arteve\/#\/schema\/logo\/image\/","url":"https:\/\/unhz.eu\/fakulteti-i-arteve\/wp-content\/uploads\/sites\/8\/2024\/02\/cropped-logo-1-1-e1713527702695.png","contentUrl":"https:\/\/unhz.eu\/fakulteti-i-arteve\/wp-content\/uploads\/sites\/8\/2024\/02\/cropped-logo-1-1-e1713527702695.png","width":100,"height":100,"caption":"Fakulteti i Arteve"},"image":{"@id":"https:\/\/unhz.eu\/fakulteti-i-arteve\/#\/schema\/logo\/image\/"}},{"@type":"Person","@id":"https:\/\/unhz.eu\/fakulteti-i-arteve\/#\/schema\/person\/240b028d97ae8156c4ff7209c34c5307","name":"gentkumnova","image":{"@type":"ImageObject","inLanguage":"sq","@id":"https:\/\/secure.gravatar.com\/avatar\/cc8c3bd7b395dc9a45ac1761b660a4a443d7c03350bbb074b6d53804d663c634?s=96&d=mm&r=g","url":"https:\/\/secure.gravatar.com\/avatar\/cc8c3bd7b395dc9a45ac1761b660a4a443d7c03350bbb074b6d53804d663c634?s=96&d=mm&r=g","contentUrl":"https:\/\/secure.gravatar.com\/avatar\/cc8c3bd7b395dc9a45ac1761b660a4a443d7c03350bbb074b6d53804d663c634?s=96&d=mm&r=g","caption":"gentkumnova"},"url":"https:\/\/unhz.eu\/fakulteti-i-arteve\/author\/gentkumnova\/"}]}},"_links":{"self":[{"href":"https:\/\/unhz.eu\/fakulteti-i-arteve\/wp-json\/wp\/v2\/posts\/49573","targetHints":{"allow":["GET"]}}],"collection":[{"href":"https:\/\/unhz.eu\/fakulteti-i-arteve\/wp-json\/wp\/v2\/posts"}],"about":[{"href":"https:\/\/unhz.eu\/fakulteti-i-arteve\/wp-json\/wp\/v2\/types\/post"}],"author":[{"embeddable":true,"href":"https:\/\/unhz.eu\/fakulteti-i-arteve\/wp-json\/wp\/v2\/users\/15"}],"replies":[{"embeddable":true,"href":"https:\/\/unhz.eu\/fakulteti-i-arteve\/wp-json\/wp\/v2\/comments?post=49573"}],"version-history":[{"count":2,"href":"https:\/\/unhz.eu\/fakulteti-i-arteve\/wp-json\/wp\/v2\/posts\/49573\/revisions"}],"predecessor-version":[{"id":49601,"href":"https:\/\/unhz.eu\/fakulteti-i-arteve\/wp-json\/wp\/v2\/posts\/49573\/revisions\/49601"}],"wp:featuredmedia":[{"embeddable":true,"href":"https:\/\/unhz.eu\/fakulteti-i-arteve\/wp-json\/wp\/v2\/media\/49574"}],"wp:attachment":[{"href":"https:\/\/unhz.eu\/fakulteti-i-arteve\/wp-json\/wp\/v2\/media?parent=49573"}],"wp:term":[{"taxonomy":"category","embeddable":true,"href":"https:\/\/unhz.eu\/fakulteti-i-arteve\/wp-json\/wp\/v2\/categories?post=49573"},{"taxonomy":"post_tag","embeddable":true,"href":"https:\/\/unhz.eu\/fakulteti-i-arteve\/wp-json\/wp\/v2\/tags?post=49573"}],"curies":[{"name":"wp","href":"https:\/\/api.w.org\/{rel}","templated":true}]}}