{"id":49533,"date":"2026-03-02T14:01:32","date_gmt":"2026-03-02T12:01:32","guid":{"rendered":"https:\/\/unhz.eu\/fakulteti-i-arteve\/?p=49533"},"modified":"2026-03-02T14:01:32","modified_gmt":"2026-03-02T12:01:32","slug":"takim-nderinstitucional-fakulteti-arteve-peje-tirane","status":"publish","type":"post","link":"https:\/\/unhz.eu\/fakulteti-i-arteve\/en\/takim-nderinstitucional-fakulteti-arteve-peje-tirane\/","title":{"rendered":"Takim zyrtar nd\u00ebrinstitucional n\u00eb Fakultetin e Arteve n\u00eb Tiran\u00eb"},"content":{"rendered":"<p>Sot, n\u00eb ambientet e Fakulteti t\u00eb Arteve n\u00eb Tiran\u00eb, u zhvillua nj\u00eb takim i ngroht\u00eb dhe mjaft i r\u00ebnd\u00ebsish\u00ebm nd\u00ebrmjet dy institucioneve t\u00eb arsimit t\u00eb lart\u00eb artistik. Dekani i Fakultetit t\u00eb Arteve n\u00eb Tiran\u00eb, prof. Arben Llozi, priti n\u00eb nj\u00eb takim zyrtar n\u00eb zyr\u00ebn e tij dekanin e Fakultetit t\u00eb Arteve &#8211; Pej\u00eb, prof. dr. Fatbardh Gashi.<\/p>\n\n\n\n<p>Gjat\u00eb k\u00ebtij takimi u diskutuan nj\u00eb s\u00ebr\u00eb \u00e7\u00ebshtjesh me interes t\u00eb p\u00ebrbashk\u00ebt, t\u00eb cilat nd\u00ebrlidhen ngusht\u00eb me zhvillimin e arsimit artistik, avancimin e programeve studimore, shk\u00ebmbimin e stafit akademik dhe student\u00ebve, si dhe organizimin e aktiviteteve t\u00eb p\u00ebrbashk\u00ebta artistike dhe shkencore. T\u00eb dy dekan\u00ebt theksuan r\u00ebnd\u00ebsin\u00eb e bashk\u00ebpunimit nd\u00ebrinstitucional si nj\u00eb faktor ky\u00e7 p\u00ebr ngritjen e cil\u00ebsis\u00eb n\u00eb arsimin e lart\u00eb n\u00eb fush\u00ebn e arteve.<\/p>\n\n\n\n<p>Nj\u00eb theks i ve\u00e7ant\u00eb iu kushtua edhe projekteve t\u00eb p\u00ebrbashk\u00ebta q\u00eb synojn\u00eb fuqizimin e praktikave bashk\u00ebkohore artistike, rritjen e mobilitetit akademik dhe krijimin e hap\u00ebsirave t\u00eb reja p\u00ebr bashk\u00ebpunim rajonal dhe nd\u00ebrkomb\u00ebtar.<\/p>\n\n\n\n<p>Vlen t\u00eb theksohet se bashk\u00ebpunimi nd\u00ebrmjet dy fakulteteve tashm\u00eb ka nj\u00eb tradit\u00eb disa vje\u00e7are, duke u konkretizuar n\u00eb aktivitete t\u00eb p\u00ebrbashk\u00ebta, koncerte dhe projekte k\u00ebrkimore, t\u00eb cilat kan\u00eb kontribuar duksh\u00ebm n\u00eb zhvillimin profesional t\u00eb student\u00ebve dhe stafit akademik.<\/p>\n\n\n\n<p>N\u00eb p\u00ebrmbyllje t\u00eb takimit, t\u00eb dy pal\u00ebt shpreh\u00ebn gatishm\u00ebrin\u00eb p\u00ebr thellimin e m\u00ebtejm\u00eb t\u00eb k\u00ebtij bashk\u00ebpunimi dhe p\u00ebr konkretizimin e nismave t\u00eb reja n\u00eb funksion t\u00eb avancimit t\u00eb arsimit dhe kultur\u00ebs artistike n\u00eb rajon.<\/p>","protected":false},"excerpt":{"rendered":"<p>Sot, n\u00eb ambientet e Fakulteti t\u00eb Arteve n\u00eb Tiran\u00eb, u zhvillua nj\u00eb takim i ngroht\u00eb dhe mjaft i r\u00ebnd\u00ebsish\u00ebm nd\u00ebrmjet dy institucioneve t\u00eb arsimit t\u00eb lart\u00eb artistik. Dekani i Fakultetit&hellip;<\/p>","protected":false},"author":1,"featured_media":49534,"comment_status":"open","ping_status":"open","sticky":false,"template":"","format":"standard","meta":{"footnotes":""},"categories":[198],"tags":[],"class_list":["post-49533","post","type-post","status-publish","format-standard","has-post-thumbnail","hentry","category-slider"],"yoast_head":"<!-- This site is optimized with the Yoast SEO Premium plugin v27.2 (Yoast SEO v27.2) - https:\/\/yoast.com\/product\/yoast-seo-premium-wordpress\/ -->\n<title>Takim Nd\u00ebrinstitucional: Fakulteti i Arteve Pej\u00eb &amp; Tiran\u00eb<\/title>\n<meta name=\"description\" content=\"Dekani i Fakultetit t\u00eb Arteve n\u00eb Tiran\u00eb, Prof. Arben Llozi, priti Dekanin e Fakultetit t\u00eb Arteve - Pej\u00eb, Prof. Dr. Fatbardh Gashi, p\u00ebr t\u00eb diskutuar bashk\u00ebpunime akademike dhe projekte artistike t\u00eb p\u00ebrbashk\u00ebta.\" \/>\n<meta name=\"robots\" content=\"index, follow, max-snippet:-1, max-image-preview:large, max-video-preview:-1\" \/>\n<link rel=\"canonical\" href=\"https:\/\/unhz.eu\/fakulteti-i-arteve\/en\/takim-nderinstitucional-fakulteti-arteve-peje-tirane\/\" \/>\n<meta property=\"og:locale\" content=\"en_US\" \/>\n<meta property=\"og:type\" content=\"article\" \/>\n<meta property=\"og:title\" content=\"Takim zyrtar nd\u00ebrinstitucional n\u00eb Fakultetin e Arteve n\u00eb Tiran\u00eb\" \/>\n<meta property=\"og:description\" content=\"Dekani i Fakultetit t\u00eb Arteve n\u00eb Tiran\u00eb, Prof. Arben Llozi, priti Dekanin e Fakultetit t\u00eb Arteve - Pej\u00eb, Prof. Dr. Fatbardh Gashi, p\u00ebr t\u00eb diskutuar bashk\u00ebpunime akademike dhe projekte artistike t\u00eb p\u00ebrbashk\u00ebta.\" \/>\n<meta property=\"og:url\" content=\"https:\/\/unhz.eu\/fakulteti-i-arteve\/en\/takim-nderinstitucional-fakulteti-arteve-peje-tirane\/\" \/>\n<meta property=\"og:site_name\" content=\"Fakulteti i Arteve\" \/>\n<meta property=\"article:published_time\" content=\"2026-03-02T12:01:32+00:00\" \/>\n<meta property=\"og:image\" content=\"https:\/\/unhz.eu\/fakulteti-i-arteve\/wp-content\/uploads\/sites\/8\/2026\/03\/WhatsApp-Image-2026-03-02-at-12.55.01-1024x735.jpeg\" \/>\n\t<meta property=\"og:image:width\" content=\"1024\" \/>\n\t<meta property=\"og:image:height\" content=\"735\" \/>\n\t<meta property=\"og:image:type\" content=\"image\/jpeg\" \/>\n<meta name=\"author\" content=\"admin\" \/>\n<meta name=\"twitter:card\" content=\"summary_large_image\" \/>\n<meta name=\"twitter:label1\" content=\"Written by\" \/>\n\t<meta name=\"twitter:data1\" content=\"admin\" \/>\n\t<meta name=\"twitter:label2\" content=\"Est. reading time\" \/>\n\t<meta name=\"twitter:data2\" content=\"2 minutes\" \/>\n<script type=\"application\/ld+json\" class=\"yoast-schema-graph\">{\"@context\":\"https:\/\/schema.org\",\"@graph\":[{\"@type\":\"Article\",\"@id\":\"https:\/\/unhz.eu\/fakulteti-i-arteve\/takim-nderinstitucional-fakulteti-arteve-peje-tirane\/#article\",\"isPartOf\":{\"@id\":\"https:\/\/unhz.eu\/fakulteti-i-arteve\/takim-nderinstitucional-fakulteti-arteve-peje-tirane\/\"},\"author\":{\"name\":\"admin\",\"@id\":\"https:\/\/unhz.eu\/fakulteti-i-arteve\/#\/schema\/person\/21689325e6e3d012b5f84cf69accd022\"},\"headline\":\"Takim zyrtar nd\u00ebrinstitucional n\u00eb Fakultetin e Arteve n\u00eb Tiran\u00eb\",\"datePublished\":\"2026-03-02T12:01:32+00:00\",\"mainEntityOfPage\":{\"@id\":\"https:\/\/unhz.eu\/fakulteti-i-arteve\/takim-nderinstitucional-fakulteti-arteve-peje-tirane\/\"},\"wordCount\":285,\"commentCount\":0,\"publisher\":{\"@id\":\"https:\/\/unhz.eu\/fakulteti-i-arteve\/#organization\"},\"image\":{\"@id\":\"https:\/\/unhz.eu\/fakulteti-i-arteve\/takim-nderinstitucional-fakulteti-arteve-peje-tirane\/#primaryimage\"},\"thumbnailUrl\":\"https:\/\/unhz.eu\/fakulteti-i-arteve\/wp-content\/uploads\/sites\/8\/2026\/03\/WhatsApp-Image-2026-03-02-at-12.55.01-scaled.jpeg\",\"articleSection\":[\"Slider\"],\"inLanguage\":\"en-US\",\"potentialAction\":[{\"@type\":\"CommentAction\",\"name\":\"Comment\",\"target\":[\"https:\/\/unhz.eu\/fakulteti-i-arteve\/takim-nderinstitucional-fakulteti-arteve-peje-tirane\/#respond\"]}]},{\"@type\":\"WebPage\",\"@id\":\"https:\/\/unhz.eu\/fakulteti-i-arteve\/takim-nderinstitucional-fakulteti-arteve-peje-tirane\/\",\"url\":\"https:\/\/unhz.eu\/fakulteti-i-arteve\/takim-nderinstitucional-fakulteti-arteve-peje-tirane\/\",\"name\":\"Takim Nd\u00ebrinstitucional: Fakulteti i Arteve Pej\u00eb & Tiran\u00eb\",\"isPartOf\":{\"@id\":\"https:\/\/unhz.eu\/fakulteti-i-arteve\/#website\"},\"primaryImageOfPage\":{\"@id\":\"https:\/\/unhz.eu\/fakulteti-i-arteve\/takim-nderinstitucional-fakulteti-arteve-peje-tirane\/#primaryimage\"},\"image\":{\"@id\":\"https:\/\/unhz.eu\/fakulteti-i-arteve\/takim-nderinstitucional-fakulteti-arteve-peje-tirane\/#primaryimage\"},\"thumbnailUrl\":\"https:\/\/unhz.eu\/fakulteti-i-arteve\/wp-content\/uploads\/sites\/8\/2026\/03\/WhatsApp-Image-2026-03-02-at-12.55.01-scaled.jpeg\",\"datePublished\":\"2026-03-02T12:01:32+00:00\",\"description\":\"Dekani i Fakultetit t\u00eb Arteve n\u00eb Tiran\u00eb, Prof. Arben Llozi, priti Dekanin e Fakultetit t\u00eb Arteve - Pej\u00eb, Prof. Dr. Fatbardh Gashi, p\u00ebr t\u00eb diskutuar bashk\u00ebpunime akademike dhe projekte artistike t\u00eb p\u00ebrbashk\u00ebta.\",\"breadcrumb\":{\"@id\":\"https:\/\/unhz.eu\/fakulteti-i-arteve\/takim-nderinstitucional-fakulteti-arteve-peje-tirane\/#breadcrumb\"},\"inLanguage\":\"en-US\",\"potentialAction\":[{\"@type\":\"ReadAction\",\"target\":[\"https:\/\/unhz.eu\/fakulteti-i-arteve\/takim-nderinstitucional-fakulteti-arteve-peje-tirane\/\"]}]},{\"@type\":\"ImageObject\",\"inLanguage\":\"en-US\",\"@id\":\"https:\/\/unhz.eu\/fakulteti-i-arteve\/takim-nderinstitucional-fakulteti-arteve-peje-tirane\/#primaryimage\",\"url\":\"https:\/\/unhz.eu\/fakulteti-i-arteve\/wp-content\/uploads\/sites\/8\/2026\/03\/WhatsApp-Image-2026-03-02-at-12.55.01-scaled.jpeg\",\"contentUrl\":\"https:\/\/unhz.eu\/fakulteti-i-arteve\/wp-content\/uploads\/sites\/8\/2026\/03\/WhatsApp-Image-2026-03-02-at-12.55.01-scaled.jpeg\",\"width\":2560,\"height\":1838},{\"@type\":\"BreadcrumbList\",\"@id\":\"https:\/\/unhz.eu\/fakulteti-i-arteve\/takim-nderinstitucional-fakulteti-arteve-peje-tirane\/#breadcrumb\",\"itemListElement\":[{\"@type\":\"ListItem\",\"position\":1,\"name\":\"Home\",\"item\":\"https:\/\/unhz.eu\/fakulteti-i-arteve\/\"},{\"@type\":\"ListItem\",\"position\":2,\"name\":\"Takim zyrtar nd\u00ebrinstitucional n\u00eb Fakultetin e Arteve n\u00eb Tiran\u00eb\"}]},{\"@type\":\"WebSite\",\"@id\":\"https:\/\/unhz.eu\/fakulteti-i-arteve\/#website\",\"url\":\"https:\/\/unhz.eu\/fakulteti-i-arteve\/\",\"name\":\"Fakulteti i Arteve\",\"description\":\"I dedikuar p\u00ebr cil\u00ebsi standarde dhe suksese\",\"publisher\":{\"@id\":\"https:\/\/unhz.eu\/fakulteti-i-arteve\/#organization\"},\"potentialAction\":[{\"@type\":\"SearchAction\",\"target\":{\"@type\":\"EntryPoint\",\"urlTemplate\":\"https:\/\/unhz.eu\/fakulteti-i-arteve\/?s={search_term_string}\"},\"query-input\":{\"@type\":\"PropertyValueSpecification\",\"valueRequired\":true,\"valueName\":\"search_term_string\"}}],\"inLanguage\":\"en-US\"},{\"@type\":\"Organization\",\"@id\":\"https:\/\/unhz.eu\/fakulteti-i-arteve\/#organization\",\"name\":\"Fakulteti i Arteve\",\"url\":\"https:\/\/unhz.eu\/fakulteti-i-arteve\/\",\"logo\":{\"@type\":\"ImageObject\",\"inLanguage\":\"en-US\",\"@id\":\"https:\/\/unhz.eu\/fakulteti-i-arteve\/#\/schema\/logo\/image\/\",\"url\":\"https:\/\/unhz.eu\/fakulteti-i-arteve\/wp-content\/uploads\/sites\/8\/2024\/02\/cropped-logo-1-1-e1713527702695.png\",\"contentUrl\":\"https:\/\/unhz.eu\/fakulteti-i-arteve\/wp-content\/uploads\/sites\/8\/2024\/02\/cropped-logo-1-1-e1713527702695.png\",\"width\":100,\"height\":100,\"caption\":\"Fakulteti i Arteve\"},\"image\":{\"@id\":\"https:\/\/unhz.eu\/fakulteti-i-arteve\/#\/schema\/logo\/image\/\"}},{\"@type\":\"Person\",\"@id\":\"https:\/\/unhz.eu\/fakulteti-i-arteve\/#\/schema\/person\/21689325e6e3d012b5f84cf69accd022\",\"name\":\"admin\",\"image\":{\"@type\":\"ImageObject\",\"inLanguage\":\"en-US\",\"@id\":\"https:\/\/secure.gravatar.com\/avatar\/d79029d4386e4a0831a89872ead183c77ffc7b6d16bd5a424ac4d307ec8f5b2f?s=96&d=mm&r=g\",\"url\":\"https:\/\/secure.gravatar.com\/avatar\/d79029d4386e4a0831a89872ead183c77ffc7b6d16bd5a424ac4d307ec8f5b2f?s=96&d=mm&r=g\",\"contentUrl\":\"https:\/\/secure.gravatar.com\/avatar\/d79029d4386e4a0831a89872ead183c77ffc7b6d16bd5a424ac4d307ec8f5b2f?s=96&d=mm&r=g\",\"caption\":\"admin\"},\"sameAs\":[\"https:\/\/unhz.eu\"],\"url\":\"https:\/\/unhz.eu\/fakulteti-i-arteve\/en\/author\/admin\/\"}]}<\/script>\n<!-- \/ Yoast SEO Premium plugin. -->","yoast_head_json":{"title":"Takim Nd\u00ebrinstitucional: Fakulteti i Arteve Pej\u00eb & Tiran\u00eb","description":"Dekani i Fakultetit t\u00eb Arteve n\u00eb Tiran\u00eb, Prof. Arben Llozi, priti Dekanin e Fakultetit t\u00eb Arteve - Pej\u00eb, Prof. Dr. Fatbardh Gashi, p\u00ebr t\u00eb diskutuar bashk\u00ebpunime akademike dhe projekte artistike t\u00eb p\u00ebrbashk\u00ebta.","robots":{"index":"index","follow":"follow","max-snippet":"max-snippet:-1","max-image-preview":"max-image-preview:large","max-video-preview":"max-video-preview:-1"},"canonical":"https:\/\/unhz.eu\/fakulteti-i-arteve\/en\/takim-nderinstitucional-fakulteti-arteve-peje-tirane\/","og_locale":"en_US","og_type":"article","og_title":"Takim zyrtar nd\u00ebrinstitucional n\u00eb Fakultetin e Arteve n\u00eb Tiran\u00eb","og_description":"Dekani i Fakultetit t\u00eb Arteve n\u00eb Tiran\u00eb, Prof. Arben Llozi, priti Dekanin e Fakultetit t\u00eb Arteve - Pej\u00eb, Prof. Dr. Fatbardh Gashi, p\u00ebr t\u00eb diskutuar bashk\u00ebpunime akademike dhe projekte artistike t\u00eb p\u00ebrbashk\u00ebta.","og_url":"https:\/\/unhz.eu\/fakulteti-i-arteve\/en\/takim-nderinstitucional-fakulteti-arteve-peje-tirane\/","og_site_name":"Fakulteti i Arteve","article_published_time":"2026-03-02T12:01:32+00:00","og_image":[{"width":1024,"height":735,"url":"https:\/\/unhz.eu\/fakulteti-i-arteve\/wp-content\/uploads\/sites\/8\/2026\/03\/WhatsApp-Image-2026-03-02-at-12.55.01-1024x735.jpeg","type":"image\/jpeg"}],"author":"admin","twitter_card":"summary_large_image","twitter_misc":{"Written by":"admin","Est. reading time":"2 minutes"},"schema":{"@context":"https:\/\/schema.org","@graph":[{"@type":"Article","@id":"https:\/\/unhz.eu\/fakulteti-i-arteve\/takim-nderinstitucional-fakulteti-arteve-peje-tirane\/#article","isPartOf":{"@id":"https:\/\/unhz.eu\/fakulteti-i-arteve\/takim-nderinstitucional-fakulteti-arteve-peje-tirane\/"},"author":{"name":"admin","@id":"https:\/\/unhz.eu\/fakulteti-i-arteve\/#\/schema\/person\/21689325e6e3d012b5f84cf69accd022"},"headline":"Takim zyrtar nd\u00ebrinstitucional n\u00eb Fakultetin e Arteve n\u00eb Tiran\u00eb","datePublished":"2026-03-02T12:01:32+00:00","mainEntityOfPage":{"@id":"https:\/\/unhz.eu\/fakulteti-i-arteve\/takim-nderinstitucional-fakulteti-arteve-peje-tirane\/"},"wordCount":285,"commentCount":0,"publisher":{"@id":"https:\/\/unhz.eu\/fakulteti-i-arteve\/#organization"},"image":{"@id":"https:\/\/unhz.eu\/fakulteti-i-arteve\/takim-nderinstitucional-fakulteti-arteve-peje-tirane\/#primaryimage"},"thumbnailUrl":"https:\/\/unhz.eu\/fakulteti-i-arteve\/wp-content\/uploads\/sites\/8\/2026\/03\/WhatsApp-Image-2026-03-02-at-12.55.01-scaled.jpeg","articleSection":["Slider"],"inLanguage":"en-US","potentialAction":[{"@type":"CommentAction","name":"Comment","target":["https:\/\/unhz.eu\/fakulteti-i-arteve\/takim-nderinstitucional-fakulteti-arteve-peje-tirane\/#respond"]}]},{"@type":"WebPage","@id":"https:\/\/unhz.eu\/fakulteti-i-arteve\/takim-nderinstitucional-fakulteti-arteve-peje-tirane\/","url":"https:\/\/unhz.eu\/fakulteti-i-arteve\/takim-nderinstitucional-fakulteti-arteve-peje-tirane\/","name":"Takim Nd\u00ebrinstitucional: Fakulteti i Arteve Pej\u00eb & Tiran\u00eb","isPartOf":{"@id":"https:\/\/unhz.eu\/fakulteti-i-arteve\/#website"},"primaryImageOfPage":{"@id":"https:\/\/unhz.eu\/fakulteti-i-arteve\/takim-nderinstitucional-fakulteti-arteve-peje-tirane\/#primaryimage"},"image":{"@id":"https:\/\/unhz.eu\/fakulteti-i-arteve\/takim-nderinstitucional-fakulteti-arteve-peje-tirane\/#primaryimage"},"thumbnailUrl":"https:\/\/unhz.eu\/fakulteti-i-arteve\/wp-content\/uploads\/sites\/8\/2026\/03\/WhatsApp-Image-2026-03-02-at-12.55.01-scaled.jpeg","datePublished":"2026-03-02T12:01:32+00:00","description":"Dekani i Fakultetit t\u00eb Arteve n\u00eb Tiran\u00eb, Prof. Arben Llozi, priti Dekanin e Fakultetit t\u00eb Arteve - Pej\u00eb, Prof. Dr. Fatbardh Gashi, p\u00ebr t\u00eb diskutuar bashk\u00ebpunime akademike dhe projekte artistike t\u00eb p\u00ebrbashk\u00ebta.","breadcrumb":{"@id":"https:\/\/unhz.eu\/fakulteti-i-arteve\/takim-nderinstitucional-fakulteti-arteve-peje-tirane\/#breadcrumb"},"inLanguage":"en-US","potentialAction":[{"@type":"ReadAction","target":["https:\/\/unhz.eu\/fakulteti-i-arteve\/takim-nderinstitucional-fakulteti-arteve-peje-tirane\/"]}]},{"@type":"ImageObject","inLanguage":"en-US","@id":"https:\/\/unhz.eu\/fakulteti-i-arteve\/takim-nderinstitucional-fakulteti-arteve-peje-tirane\/#primaryimage","url":"https:\/\/unhz.eu\/fakulteti-i-arteve\/wp-content\/uploads\/sites\/8\/2026\/03\/WhatsApp-Image-2026-03-02-at-12.55.01-scaled.jpeg","contentUrl":"https:\/\/unhz.eu\/fakulteti-i-arteve\/wp-content\/uploads\/sites\/8\/2026\/03\/WhatsApp-Image-2026-03-02-at-12.55.01-scaled.jpeg","width":2560,"height":1838},{"@type":"BreadcrumbList","@id":"https:\/\/unhz.eu\/fakulteti-i-arteve\/takim-nderinstitucional-fakulteti-arteve-peje-tirane\/#breadcrumb","itemListElement":[{"@type":"ListItem","position":1,"name":"Home","item":"https:\/\/unhz.eu\/fakulteti-i-arteve\/"},{"@type":"ListItem","position":2,"name":"Takim zyrtar nd\u00ebrinstitucional n\u00eb Fakultetin e Arteve n\u00eb Tiran\u00eb"}]},{"@type":"WebSite","@id":"https:\/\/unhz.eu\/fakulteti-i-arteve\/#website","url":"https:\/\/unhz.eu\/fakulteti-i-arteve\/","name":"Faculty of Arts","description":"Dedicated to standard quality and success","publisher":{"@id":"https:\/\/unhz.eu\/fakulteti-i-arteve\/#organization"},"potentialAction":[{"@type":"SearchAction","target":{"@type":"EntryPoint","urlTemplate":"https:\/\/unhz.eu\/fakulteti-i-arteve\/?s={search_term_string}"},"query-input":{"@type":"PropertyValueSpecification","valueRequired":true,"valueName":"search_term_string"}}],"inLanguage":"en-US"},{"@type":"Organization","@id":"https:\/\/unhz.eu\/fakulteti-i-arteve\/#organization","name":"Faculty of Arts","url":"https:\/\/unhz.eu\/fakulteti-i-arteve\/","logo":{"@type":"ImageObject","inLanguage":"en-US","@id":"https:\/\/unhz.eu\/fakulteti-i-arteve\/#\/schema\/logo\/image\/","url":"https:\/\/unhz.eu\/fakulteti-i-arteve\/wp-content\/uploads\/sites\/8\/2024\/02\/cropped-logo-1-1-e1713527702695.png","contentUrl":"https:\/\/unhz.eu\/fakulteti-i-arteve\/wp-content\/uploads\/sites\/8\/2024\/02\/cropped-logo-1-1-e1713527702695.png","width":100,"height":100,"caption":"Fakulteti i Arteve"},"image":{"@id":"https:\/\/unhz.eu\/fakulteti-i-arteve\/#\/schema\/logo\/image\/"}},{"@type":"Person","@id":"https:\/\/unhz.eu\/fakulteti-i-arteve\/#\/schema\/person\/21689325e6e3d012b5f84cf69accd022","name":"admin","image":{"@type":"ImageObject","inLanguage":"en-US","@id":"https:\/\/secure.gravatar.com\/avatar\/d79029d4386e4a0831a89872ead183c77ffc7b6d16bd5a424ac4d307ec8f5b2f?s=96&d=mm&r=g","url":"https:\/\/secure.gravatar.com\/avatar\/d79029d4386e4a0831a89872ead183c77ffc7b6d16bd5a424ac4d307ec8f5b2f?s=96&d=mm&r=g","contentUrl":"https:\/\/secure.gravatar.com\/avatar\/d79029d4386e4a0831a89872ead183c77ffc7b6d16bd5a424ac4d307ec8f5b2f?s=96&d=mm&r=g","caption":"admin"},"sameAs":["https:\/\/unhz.eu"],"url":"https:\/\/unhz.eu\/fakulteti-i-arteve\/en\/author\/admin\/"}]}},"_links":{"self":[{"href":"https:\/\/unhz.eu\/fakulteti-i-arteve\/en\/wp-json\/wp\/v2\/posts\/49533","targetHints":{"allow":["GET"]}}],"collection":[{"href":"https:\/\/unhz.eu\/fakulteti-i-arteve\/en\/wp-json\/wp\/v2\/posts"}],"about":[{"href":"https:\/\/unhz.eu\/fakulteti-i-arteve\/en\/wp-json\/wp\/v2\/types\/post"}],"author":[{"embeddable":true,"href":"https:\/\/unhz.eu\/fakulteti-i-arteve\/en\/wp-json\/wp\/v2\/users\/1"}],"replies":[{"embeddable":true,"href":"https:\/\/unhz.eu\/fakulteti-i-arteve\/en\/wp-json\/wp\/v2\/comments?post=49533"}],"version-history":[{"count":1,"href":"https:\/\/unhz.eu\/fakulteti-i-arteve\/en\/wp-json\/wp\/v2\/posts\/49533\/revisions"}],"predecessor-version":[{"id":49535,"href":"https:\/\/unhz.eu\/fakulteti-i-arteve\/en\/wp-json\/wp\/v2\/posts\/49533\/revisions\/49535"}],"wp:featuredmedia":[{"embeddable":true,"href":"https:\/\/unhz.eu\/fakulteti-i-arteve\/en\/wp-json\/wp\/v2\/media\/49534"}],"wp:attachment":[{"href":"https:\/\/unhz.eu\/fakulteti-i-arteve\/en\/wp-json\/wp\/v2\/media?parent=49533"}],"wp:term":[{"taxonomy":"category","embeddable":true,"href":"https:\/\/unhz.eu\/fakulteti-i-arteve\/en\/wp-json\/wp\/v2\/categories?post=49533"},{"taxonomy":"post_tag","embeddable":true,"href":"https:\/\/unhz.eu\/fakulteti-i-arteve\/en\/wp-json\/wp\/v2\/tags?post=49533"}],"curies":[{"name":"wp","href":"https:\/\/api.w.org\/{rel}","templated":true}]}}