{"id":60548,"date":"2026-03-24T13:21:00","date_gmt":"2026-03-24T11:21:00","guid":{"rendered":"https:\/\/unhz.eu\/?p=60548"},"modified":"2026-03-24T14:30:49","modified_gmt":"2026-03-24T12:30:49","slug":"bashkepunimi-uhz-ambasada-gjermane-mobilitet","status":"publish","type":"post","link":"https:\/\/unhz.eu\/en\/blog\/bashkepunimi-uhz-ambasada-gjermane-mobilitet\/","title":{"rendered":"Forcohet bashk\u00ebpunimi nd\u00ebrkomb\u00ebtar: UHZ dhe Ambasada Gjermane diskutojn\u00eb mund\u00ebsit\u00eb p\u00ebr mobilitet dhe partneritete t\u00eb reja akademike"},"content":{"rendered":"<p>U mbajt nj\u00eb takim i r\u00ebnd\u00ebsish\u00ebm nd\u00ebrmjet p\u00ebrfaq\u00ebsuesve t\u00eb Ambasad\u00ebs Gjermane n\u00eb Kosov\u00eb, znj. Catalina Heine dhe z. Adrian Ramabaja, dhe menaxhmentit t\u00eb Universitetit \u201cHaxhi Zeka\u201d n\u00eb Pej\u00eb, me fokus n\u00eb fuqizimin e bashk\u00ebpunimit nd\u00ebrkomb\u00ebtar n\u00eb fush\u00ebn e arsimit t\u00eb lart\u00eb.<\/p>\n\n\n\n<p>Q\u00ebllimi kryesor i k\u00ebtij takimi ishte thellimi i bashk\u00ebpunimit nd\u00ebrmjet Universitetit \u201cHaxhi Zeka\u201d dhe institucioneve t\u00eb arsimit t\u00eb lart\u00eb n\u00eb Gjermani, duke krijuar mund\u00ebsi t\u00eb reja p\u00ebr shk\u00ebmbime akademike, projekte t\u00eb p\u00ebrbashk\u00ebta dhe zhvillim institucional.<\/p>\n\n\n\n<p>Gjat\u00eb takimit, Rektori i Universitetit informoi t\u00eb pranishmit p\u00ebr zhvillimet e fundit n\u00eb universitet, duke theksuar avancimin e programeve studimore, rritjen e bashk\u00ebpunimeve nd\u00ebrkomb\u00ebtare dhe angazhimin p\u00ebr ngritjen e cil\u00ebsis\u00eb n\u00eb arsim dhe k\u00ebrkim shkencor.<\/p>\n\n\n\n<p>N\u00eb vijim t\u00eb diskutimeve, pal\u00ebt shqyrtuan mund\u00ebsit\u00eb konkrete p\u00ebr identifikimin e bashk\u00ebpunimeve t\u00eb reja nd\u00ebrmjet UHZ dhe universiteteve gjermane, me theks t\u00eb ve\u00e7ant\u00eb n\u00eb mobilitetin e student\u00ebve dhe stafit akademik, si dhe n\u00eb zhvillimin e projekteve t\u00eb p\u00ebrbashk\u00ebta k\u00ebrkimore.<\/p>\n\n\n\n<p>Gjithashtu, u dakordua q\u00eb n\u00eb periudh\u00ebn n\u00eb vijim t\u00eb organizohen aktivitete informuese p\u00ebr student\u00ebt e Universitetit \u201cHaxhi Zeka\u201d, me q\u00ebllim rritjen e nd\u00ebrgjegj\u00ebsimit mbi mund\u00ebsit\u00eb e studimit dhe mobilitetit n\u00eb Gjermani. K\u00ebto aktivitete do t\u00eb realizohen n\u00eb bashk\u00ebpunim me programin DAAD, duke p\u00ebrfshir\u00eb sesione informuese dhe prezantime.<\/p>\n\n\n\n<p>T\u00eb dyja pal\u00ebt shpreh\u00ebn gatishm\u00ebrin\u00eb p\u00ebr t\u00eb vazhduar dialogun dhe p\u00ebr t\u00eb konkretizuar iniciativat e p\u00ebrbashk\u00ebta n\u00eb t\u00eb ardhmen, duke e konsideruar k\u00ebt\u00eb takim si nj\u00eb hap t\u00eb r\u00ebnd\u00ebsish\u00ebm drejt forcimit t\u00eb lidhjeve akademike nd\u00ebrmjet Kosov\u00ebs dhe Gjermanis\u00eb.<\/p>\n\n\n\n<figure class=\"wp-block-gallery has-nested-images columns-default is-cropped wp-block-gallery-1 is-layout-flex wp-block-gallery-is-layout-flex\">\n<figure class=\"wp-block-image size-large\"><img data-dominant-color=\"868384\" data-has-transparency=\"false\" style=\"--dominant-color: #868384;\" fetchpriority=\"high\" decoding=\"async\" width=\"1024\" height=\"576\" data-id=\"60550\" src=\"https:\/\/unhz.eu\/wp-content\/uploads\/2026\/03\/Untitled123-1024x576.jpeg\" alt=\"\" class=\"wp-image-60550 not-transparent\" srcset=\"https:\/\/unhz.eu\/wp-content\/uploads\/2026\/03\/Untitled123-1024x576.jpeg 1024w, https:\/\/unhz.eu\/wp-content\/uploads\/2026\/03\/Untitled123-300x169.jpeg 300w, https:\/\/unhz.eu\/wp-content\/uploads\/2026\/03\/Untitled123-768x432.jpeg 768w, https:\/\/unhz.eu\/wp-content\/uploads\/2026\/03\/Untitled123-1536x864.jpeg 1536w, https:\/\/unhz.eu\/wp-content\/uploads\/2026\/03\/Untitled123-18x10.jpeg 18w, https:\/\/unhz.eu\/wp-content\/uploads\/2026\/03\/Untitled123-370x208.jpeg 370w, https:\/\/unhz.eu\/wp-content\/uploads\/2026\/03\/Untitled123-1290x725.jpeg 1290w, https:\/\/unhz.eu\/wp-content\/uploads\/2026\/03\/Untitled123-840x473.jpeg 840w, https:\/\/unhz.eu\/wp-content\/uploads\/2026\/03\/Untitled123-410x231.jpeg 410w, https:\/\/unhz.eu\/wp-content\/uploads\/2026\/03\/Untitled123-270x152.jpeg 270w, https:\/\/unhz.eu\/wp-content\/uploads\/2026\/03\/Untitled123.jpeg 1600w\" sizes=\"(max-width: 1024px) 100vw, 1024px\" \/><\/figure>\n\n\n\n<figure class=\"wp-block-image size-large\"><img data-dominant-color=\"6c6969\" data-has-transparency=\"false\" style=\"--dominant-color: #6c6969;\" decoding=\"async\" data-id=\"60549\" src=\"https:\/\/unhz.eu\/wp-content\/uploads\/2026\/03\/Untitled1234-1024x576.jpeg\" alt=\"\" class=\"wp-image-60549 not-transparent\"\/><\/figure>\n<\/figure>","protected":false},"excerpt":{"rendered":"<p>U mbajt nj\u00eb takim i r\u00ebnd\u00ebsish\u00ebm nd\u00ebrmjet p\u00ebrfaq\u00ebsuesve t\u00eb Ambasad\u00ebs Gjermane n\u00eb Kosov\u00eb, znj. Catalina&hellip;<\/p>","protected":false},"author":1,"featured_media":60549,"comment_status":"closed","ping_status":"closed","sticky":false,"template":"","format":"standard","meta":{"_acf_changed":false,"footnotes":"","jetpack_publicize_message":"","jetpack_publicize_feature_enabled":true,"jetpack_social_post_already_shared":true,"jetpack_social_options":{"image_generator_settings":{"template":"highway","default_image_id":0,"font":"","enabled":false},"version":2}},"categories":[241],"tags":[],"class_list":["post-60548","post","type-post","status-publish","format-standard","has-post-thumbnail","hentry","category-slider"],"yoast_head":"<!-- This site is optimized with the Yoast SEO Premium plugin v27.2 (Yoast SEO v27.2) - https:\/\/yoast.com\/product\/yoast-seo-premium-wordpress\/ -->\n<title>Forcohet bashk\u00ebpunimi nd\u00ebrkomb\u00ebtar: UHZ dhe Ambasada Gjermane<\/title>\n<meta name=\"description\" content=\"Universiteti \u201cHaxhi Zeka\u201d dhe Ambasada Gjermane diskutojn\u00eb mobilitetin akademik dhe mund\u00ebsit\u00eb p\u00ebr partneritete t\u00eb reja nd\u00ebrkomb\u00ebtare.\" \/>\n<meta name=\"robots\" content=\"index, follow, max-snippet:-1, max-image-preview:large, max-video-preview:-1\" \/>\n<link rel=\"canonical\" href=\"https:\/\/unhz.eu\/en\/blog\/bashkepunimi-uhz-ambasada-gjermane-mobilitet\/\" \/>\n<meta property=\"og:locale\" content=\"en_US\" \/>\n<meta property=\"og:type\" content=\"article\" \/>\n<meta property=\"og:title\" content=\"Forcohet bashk\u00ebpunimi nd\u00ebrkomb\u00ebtar: UHZ dhe Ambasada Gjermane diskutojn\u00eb mund\u00ebsit\u00eb p\u00ebr mobilitet dhe partneritete t\u00eb reja akademike\" \/>\n<meta property=\"og:description\" content=\"Universiteti \u201cHaxhi Zeka\u201d dhe Ambasada Gjermane diskutojn\u00eb mobilitetin akademik dhe mund\u00ebsit\u00eb p\u00ebr partneritete t\u00eb reja nd\u00ebrkomb\u00ebtare.\" \/>\n<meta property=\"og:url\" content=\"https:\/\/unhz.eu\/en\/blog\/bashkepunimi-uhz-ambasada-gjermane-mobilitet\/\" \/>\n<meta property=\"og:site_name\" content=\"University Haxhi Zeka\" \/>\n<meta property=\"article:publisher\" content=\"https:\/\/www.facebook.com\/uni.haxhizeka\" \/>\n<meta property=\"article:published_time\" content=\"2026-03-24T11:21:00+00:00\" \/>\n<meta property=\"article:modified_time\" content=\"2026-03-24T12:30:49+00:00\" \/>\n<meta property=\"og:image\" content=\"https:\/\/unhz.eu\/wp-content\/uploads\/2026\/03\/Untitled1234-e1774355435996.jpeg\" \/>\n\t<meta property=\"og:image:width\" content=\"1600\" \/>\n\t<meta property=\"og:image:height\" content=\"773\" \/>\n\t<meta property=\"og:image:type\" content=\"image\/jpeg\" \/>\n<meta name=\"author\" content=\"admin\" \/>\n<meta name=\"twitter:card\" content=\"summary_large_image\" \/>\n<meta name=\"twitter:creator\" content=\"@uni_haxhizeka\" \/>\n<meta name=\"twitter:site\" content=\"@uni_haxhizeka\" \/>\n<meta name=\"twitter:label1\" content=\"Written by\" \/>\n\t<meta name=\"twitter:data1\" content=\"admin\" \/>\n\t<meta name=\"twitter:label2\" content=\"Est. reading time\" \/>\n\t<meta name=\"twitter:data2\" content=\"2 minutes\" \/>\n<script type=\"application\/ld+json\" class=\"yoast-schema-graph\">{\"@context\":\"https:\/\/schema.org\",\"@graph\":[{\"@type\":\"Article\",\"@id\":\"https:\/\/unhz.eu\/blog\/bashkepunimi-uhz-ambasada-gjermane-mobilitet\/#article\",\"isPartOf\":{\"@id\":\"https:\/\/unhz.eu\/blog\/bashkepunimi-uhz-ambasada-gjermane-mobilitet\/\"},\"author\":{\"name\":\"admin\",\"@id\":\"https:\/\/unhz.eu\/#\/schema\/person\/21689325e6e3d012b5f84cf69accd022\"},\"headline\":\"Forcohet bashk\u00ebpunimi nd\u00ebrkomb\u00ebtar: UHZ dhe Ambasada Gjermane diskutojn\u00eb mund\u00ebsit\u00eb p\u00ebr mobilitet dhe partneritete t\u00eb reja akademike\",\"datePublished\":\"2026-03-24T11:21:00+00:00\",\"dateModified\":\"2026-03-24T12:30:49+00:00\",\"mainEntityOfPage\":{\"@id\":\"https:\/\/unhz.eu\/blog\/bashkepunimi-uhz-ambasada-gjermane-mobilitet\/\"},\"wordCount\":316,\"publisher\":{\"@id\":\"https:\/\/unhz.eu\/#organization\"},\"image\":{\"@id\":\"https:\/\/unhz.eu\/blog\/bashkepunimi-uhz-ambasada-gjermane-mobilitet\/#primaryimage\"},\"thumbnailUrl\":\"https:\/\/unhz.eu\/wp-content\/uploads\/2026\/03\/Untitled1234-e1774355435996.jpeg\",\"articleSection\":[\"Slider\"],\"inLanguage\":\"en-US\"},{\"@type\":\"WebPage\",\"@id\":\"https:\/\/unhz.eu\/blog\/bashkepunimi-uhz-ambasada-gjermane-mobilitet\/\",\"url\":\"https:\/\/unhz.eu\/blog\/bashkepunimi-uhz-ambasada-gjermane-mobilitet\/\",\"name\":\"Forcohet bashk\u00ebpunimi nd\u00ebrkomb\u00ebtar: UHZ dhe Ambasada Gjermane\",\"isPartOf\":{\"@id\":\"https:\/\/unhz.eu\/#website\"},\"primaryImageOfPage\":{\"@id\":\"https:\/\/unhz.eu\/blog\/bashkepunimi-uhz-ambasada-gjermane-mobilitet\/#primaryimage\"},\"image\":{\"@id\":\"https:\/\/unhz.eu\/blog\/bashkepunimi-uhz-ambasada-gjermane-mobilitet\/#primaryimage\"},\"thumbnailUrl\":\"https:\/\/unhz.eu\/wp-content\/uploads\/2026\/03\/Untitled1234-e1774355435996.jpeg\",\"datePublished\":\"2026-03-24T11:21:00+00:00\",\"dateModified\":\"2026-03-24T12:30:49+00:00\",\"description\":\"Universiteti \u201cHaxhi Zeka\u201d dhe Ambasada Gjermane diskutojn\u00eb mobilitetin akademik dhe mund\u00ebsit\u00eb p\u00ebr partneritete t\u00eb reja nd\u00ebrkomb\u00ebtare.\",\"breadcrumb\":{\"@id\":\"https:\/\/unhz.eu\/blog\/bashkepunimi-uhz-ambasada-gjermane-mobilitet\/#breadcrumb\"},\"inLanguage\":\"en-US\",\"potentialAction\":[{\"@type\":\"ReadAction\",\"target\":[\"https:\/\/unhz.eu\/blog\/bashkepunimi-uhz-ambasada-gjermane-mobilitet\/\"]}]},{\"@type\":\"ImageObject\",\"inLanguage\":\"en-US\",\"@id\":\"https:\/\/unhz.eu\/blog\/bashkepunimi-uhz-ambasada-gjermane-mobilitet\/#primaryimage\",\"url\":\"https:\/\/unhz.eu\/wp-content\/uploads\/2026\/03\/Untitled1234-e1774355435996.jpeg\",\"contentUrl\":\"https:\/\/unhz.eu\/wp-content\/uploads\/2026\/03\/Untitled1234-e1774355435996.jpeg\",\"width\":1600,\"height\":773},{\"@type\":\"BreadcrumbList\",\"@id\":\"https:\/\/unhz.eu\/blog\/bashkepunimi-uhz-ambasada-gjermane-mobilitet\/#breadcrumb\",\"itemListElement\":[{\"@type\":\"ListItem\",\"position\":1,\"name\":\"Home\",\"item\":\"https:\/\/unhz.eu\/\"},{\"@type\":\"ListItem\",\"position\":2,\"name\":\"Forcohet bashk\u00ebpunimi nd\u00ebrkomb\u00ebtar: UHZ dhe Ambasada Gjermane diskutojn\u00eb mund\u00ebsit\u00eb p\u00ebr mobilitet dhe partneritete t\u00eb reja akademike\"}]},{\"@type\":\"WebSite\",\"@id\":\"https:\/\/unhz.eu\/#website\",\"url\":\"https:\/\/unhz.eu\/\",\"name\":\"Universiteti \u201cHaxhi Zeka\u201d\",\"description\":\"I dedikuar p\u00ebr cil\u00ebsi, standarde dhe suksese\",\"publisher\":{\"@id\":\"https:\/\/unhz.eu\/#organization\"},\"alternateName\":\"Universiteti Haxhi Zeka\",\"potentialAction\":[{\"@type\":\"SearchAction\",\"target\":{\"@type\":\"EntryPoint\",\"urlTemplate\":\"https:\/\/unhz.eu\/?s={search_term_string}\"},\"query-input\":{\"@type\":\"PropertyValueSpecification\",\"valueRequired\":true,\"valueName\":\"search_term_string\"}}],\"inLanguage\":\"en-US\"},{\"@type\":\"Organization\",\"@id\":\"https:\/\/unhz.eu\/#organization\",\"name\":\"Universiteti \u201cHaxhi Zeka\u201d\",\"alternateName\":\"Universiteti Haxhi Zeka\",\"url\":\"https:\/\/unhz.eu\/\",\"logo\":{\"@type\":\"ImageObject\",\"inLanguage\":\"en-US\",\"@id\":\"https:\/\/unhz.eu\/#\/schema\/logo\/image\/\",\"url\":\"https:\/\/unhz.eu\/wp-content\/uploads\/2025\/04\/logo-unhz.webp\",\"contentUrl\":\"https:\/\/unhz.eu\/wp-content\/uploads\/2025\/04\/logo-unhz.webp\",\"width\":1024,\"height\":260,\"caption\":\"Universiteti \u201cHaxhi Zeka\u201d\"},\"image\":{\"@id\":\"https:\/\/unhz.eu\/#\/schema\/logo\/image\/\"},\"sameAs\":[\"https:\/\/www.facebook.com\/uni.haxhizeka\",\"https:\/\/x.com\/uni_haxhizeka\",\"https:\/\/www.linkedin.com\/school\/haxhi-zeka-university\",\"https:\/\/www.instagram.com\/uni_haxhizeka\/\"],\"description\":\"Universiteti \u201cHaxhi Zeka\u201d n\u00eb Pej\u00eb \u00ebsht\u00eb institucion publik i arsimit t\u00eb lart\u00eb, q\u00eb ofron studime bachelor, master dhe doktorat\u00eb n\u00eb fusha t\u00eb ndryshme si menaxhimi, turizmi, ekonomia, bujq\u00ebsia, arti dhe drejt\u00ebsia. Universiteti synon zhvillimin akademik, hulumtimin shkencor dhe kontributin n\u00eb komunitet.\",\"email\":\"info@unhz.eu\",\"telephone\":\"+38339410970\",\"legalName\":\"Universiteti \u201cHaxhi Zeka\u201d n\u00eb Pej\u00eb\",\"foundingDate\":\"2011-11-14\",\"numberOfEmployees\":{\"@type\":\"QuantitativeValue\",\"minValue\":\"201\",\"maxValue\":\"500\"}},{\"@type\":\"Person\",\"@id\":\"https:\/\/unhz.eu\/#\/schema\/person\/21689325e6e3d012b5f84cf69accd022\",\"name\":\"admin\",\"sameAs\":[\"https:\/\/unhz.eu\"],\"url\":\"https:\/\/unhz.eu\/en\/blog\/author\/admin\/\"}]}<\/script>\n<!-- \/ Yoast SEO Premium plugin. -->","yoast_head_json":{"title":"Forcohet bashk\u00ebpunimi nd\u00ebrkomb\u00ebtar: UHZ dhe Ambasada Gjermane","description":"Universiteti \u201cHaxhi Zeka\u201d dhe Ambasada Gjermane diskutojn\u00eb mobilitetin akademik dhe mund\u00ebsit\u00eb p\u00ebr partneritete t\u00eb reja nd\u00ebrkomb\u00ebtare.","robots":{"index":"index","follow":"follow","max-snippet":"max-snippet:-1","max-image-preview":"max-image-preview:large","max-video-preview":"max-video-preview:-1"},"canonical":"https:\/\/unhz.eu\/en\/blog\/bashkepunimi-uhz-ambasada-gjermane-mobilitet\/","og_locale":"en_US","og_type":"article","og_title":"Forcohet bashk\u00ebpunimi nd\u00ebrkomb\u00ebtar: UHZ dhe Ambasada Gjermane diskutojn\u00eb mund\u00ebsit\u00eb p\u00ebr mobilitet dhe partneritete t\u00eb reja akademike","og_description":"Universiteti \u201cHaxhi Zeka\u201d dhe Ambasada Gjermane diskutojn\u00eb mobilitetin akademik dhe mund\u00ebsit\u00eb p\u00ebr partneritete t\u00eb reja nd\u00ebrkomb\u00ebtare.","og_url":"https:\/\/unhz.eu\/en\/blog\/bashkepunimi-uhz-ambasada-gjermane-mobilitet\/","og_site_name":"University Haxhi Zeka","article_publisher":"https:\/\/www.facebook.com\/uni.haxhizeka","article_published_time":"2026-03-24T11:21:00+00:00","article_modified_time":"2026-03-24T12:30:49+00:00","og_image":[{"width":1600,"height":773,"url":"https:\/\/unhz.eu\/wp-content\/uploads\/2026\/03\/Untitled1234-e1774355435996.jpeg","type":"image\/jpeg"}],"author":"admin","twitter_card":"summary_large_image","twitter_creator":"@uni_haxhizeka","twitter_site":"@uni_haxhizeka","twitter_misc":{"Written by":"admin","Est. reading time":"2 minutes"},"schema":{"@context":"https:\/\/schema.org","@graph":[{"@type":"Article","@id":"https:\/\/unhz.eu\/blog\/bashkepunimi-uhz-ambasada-gjermane-mobilitet\/#article","isPartOf":{"@id":"https:\/\/unhz.eu\/blog\/bashkepunimi-uhz-ambasada-gjermane-mobilitet\/"},"author":{"name":"admin","@id":"https:\/\/unhz.eu\/#\/schema\/person\/21689325e6e3d012b5f84cf69accd022"},"headline":"Forcohet bashk\u00ebpunimi nd\u00ebrkomb\u00ebtar: UHZ dhe Ambasada Gjermane diskutojn\u00eb mund\u00ebsit\u00eb p\u00ebr mobilitet dhe partneritete t\u00eb reja akademike","datePublished":"2026-03-24T11:21:00+00:00","dateModified":"2026-03-24T12:30:49+00:00","mainEntityOfPage":{"@id":"https:\/\/unhz.eu\/blog\/bashkepunimi-uhz-ambasada-gjermane-mobilitet\/"},"wordCount":316,"publisher":{"@id":"https:\/\/unhz.eu\/#organization"},"image":{"@id":"https:\/\/unhz.eu\/blog\/bashkepunimi-uhz-ambasada-gjermane-mobilitet\/#primaryimage"},"thumbnailUrl":"https:\/\/unhz.eu\/wp-content\/uploads\/2026\/03\/Untitled1234-e1774355435996.jpeg","articleSection":["Slider"],"inLanguage":"en-US"},{"@type":"WebPage","@id":"https:\/\/unhz.eu\/blog\/bashkepunimi-uhz-ambasada-gjermane-mobilitet\/","url":"https:\/\/unhz.eu\/blog\/bashkepunimi-uhz-ambasada-gjermane-mobilitet\/","name":"Forcohet bashk\u00ebpunimi nd\u00ebrkomb\u00ebtar: UHZ dhe Ambasada Gjermane","isPartOf":{"@id":"https:\/\/unhz.eu\/#website"},"primaryImageOfPage":{"@id":"https:\/\/unhz.eu\/blog\/bashkepunimi-uhz-ambasada-gjermane-mobilitet\/#primaryimage"},"image":{"@id":"https:\/\/unhz.eu\/blog\/bashkepunimi-uhz-ambasada-gjermane-mobilitet\/#primaryimage"},"thumbnailUrl":"https:\/\/unhz.eu\/wp-content\/uploads\/2026\/03\/Untitled1234-e1774355435996.jpeg","datePublished":"2026-03-24T11:21:00+00:00","dateModified":"2026-03-24T12:30:49+00:00","description":"Universiteti \u201cHaxhi Zeka\u201d dhe Ambasada Gjermane diskutojn\u00eb mobilitetin akademik dhe mund\u00ebsit\u00eb p\u00ebr partneritete t\u00eb reja nd\u00ebrkomb\u00ebtare.","breadcrumb":{"@id":"https:\/\/unhz.eu\/blog\/bashkepunimi-uhz-ambasada-gjermane-mobilitet\/#breadcrumb"},"inLanguage":"en-US","potentialAction":[{"@type":"ReadAction","target":["https:\/\/unhz.eu\/blog\/bashkepunimi-uhz-ambasada-gjermane-mobilitet\/"]}]},{"@type":"ImageObject","inLanguage":"en-US","@id":"https:\/\/unhz.eu\/blog\/bashkepunimi-uhz-ambasada-gjermane-mobilitet\/#primaryimage","url":"https:\/\/unhz.eu\/wp-content\/uploads\/2026\/03\/Untitled1234-e1774355435996.jpeg","contentUrl":"https:\/\/unhz.eu\/wp-content\/uploads\/2026\/03\/Untitled1234-e1774355435996.jpeg","width":1600,"height":773},{"@type":"BreadcrumbList","@id":"https:\/\/unhz.eu\/blog\/bashkepunimi-uhz-ambasada-gjermane-mobilitet\/#breadcrumb","itemListElement":[{"@type":"ListItem","position":1,"name":"Home","item":"https:\/\/unhz.eu\/"},{"@type":"ListItem","position":2,"name":"Forcohet bashk\u00ebpunimi nd\u00ebrkomb\u00ebtar: UHZ dhe Ambasada Gjermane diskutojn\u00eb mund\u00ebsit\u00eb p\u00ebr mobilitet dhe partneritete t\u00eb reja akademike"}]},{"@type":"WebSite","@id":"https:\/\/unhz.eu\/#website","url":"https:\/\/unhz.eu\/","name":"&quot;Haxhi Zeka&quot; University\u201c","description":"Dedicated to quality, standards and success","publisher":{"@id":"https:\/\/unhz.eu\/#organization"},"alternateName":"Universiteti Haxhi Zeka","potentialAction":[{"@type":"SearchAction","target":{"@type":"EntryPoint","urlTemplate":"https:\/\/unhz.eu\/?s={search_term_string}"},"query-input":{"@type":"PropertyValueSpecification","valueRequired":true,"valueName":"search_term_string"}}],"inLanguage":"en-US"},{"@type":"Organization","@id":"https:\/\/unhz.eu\/#organization","name":"&quot;Haxhi Zeka&quot; University\u201c","alternateName":"Universiteti Haxhi Zeka","url":"https:\/\/unhz.eu\/","logo":{"@type":"ImageObject","inLanguage":"en-US","@id":"https:\/\/unhz.eu\/#\/schema\/logo\/image\/","url":"https:\/\/unhz.eu\/wp-content\/uploads\/2025\/04\/logo-unhz.webp","contentUrl":"https:\/\/unhz.eu\/wp-content\/uploads\/2025\/04\/logo-unhz.webp","width":1024,"height":260,"caption":"Universiteti \u201cHaxhi Zeka\u201d"},"image":{"@id":"https:\/\/unhz.eu\/#\/schema\/logo\/image\/"},"sameAs":["https:\/\/www.facebook.com\/uni.haxhizeka","https:\/\/x.com\/uni_haxhizeka","https:\/\/www.linkedin.com\/school\/haxhi-zeka-university","https:\/\/www.instagram.com\/uni_haxhizeka\/"],"description":"&quot;Haxhi Zeka&quot; University in Peja is a public institution of higher education, offering bachelor&#039;s, master&#039;s and doctoral studies in various fields such as management, tourism, economics, agriculture, art and law. The university aims at academic development, scientific research and contribution to the community.","email":"info@unhz.eu","telephone":"+38339410970","legalName":"Universiteti \u201cHaxhi Zeka\u201d n\u00eb Pej\u00eb","foundingDate":"2011-11-14","numberOfEmployees":{"@type":"QuantitativeValue","minValue":"201","maxValue":"500"}},{"@type":"Person","@id":"https:\/\/unhz.eu\/#\/schema\/person\/21689325e6e3d012b5f84cf69accd022","name":"admin","sameAs":["https:\/\/unhz.eu"],"url":"https:\/\/unhz.eu\/en\/blog\/author\/admin\/"}]}},"acf":[],"jetpack_publicize_connections":[],"_links":{"self":[{"href":"https:\/\/unhz.eu\/en\/wp-json\/wp\/v2\/posts\/60548","targetHints":{"allow":["GET"]}}],"collection":[{"href":"https:\/\/unhz.eu\/en\/wp-json\/wp\/v2\/posts"}],"about":[{"href":"https:\/\/unhz.eu\/en\/wp-json\/wp\/v2\/types\/post"}],"author":[{"embeddable":true,"href":"https:\/\/unhz.eu\/en\/wp-json\/wp\/v2\/users\/1"}],"replies":[{"embeddable":true,"href":"https:\/\/unhz.eu\/en\/wp-json\/wp\/v2\/comments?post=60548"}],"version-history":[{"count":1,"href":"https:\/\/unhz.eu\/en\/wp-json\/wp\/v2\/posts\/60548\/revisions"}],"predecessor-version":[{"id":60551,"href":"https:\/\/unhz.eu\/en\/wp-json\/wp\/v2\/posts\/60548\/revisions\/60551"}],"wp:featuredmedia":[{"embeddable":true,"href":"https:\/\/unhz.eu\/en\/wp-json\/wp\/v2\/media\/60549"}],"wp:attachment":[{"href":"https:\/\/unhz.eu\/en\/wp-json\/wp\/v2\/media?parent=60548"}],"wp:term":[{"taxonomy":"category","embeddable":true,"href":"https:\/\/unhz.eu\/en\/wp-json\/wp\/v2\/categories?post=60548"},{"taxonomy":"post_tag","embeddable":true,"href":"https:\/\/unhz.eu\/en\/wp-json\/wp\/v2\/tags?post=60548"}],"curies":[{"name":"wp","href":"https:\/\/api.w.org\/{rel}","templated":true}]}}