{"id":60653,"date":"2026-03-30T15:48:18","date_gmt":"2026-03-30T13:48:18","guid":{"rendered":"https:\/\/unhz.eu\/?p=60653"},"modified":"2026-04-14T14:07:08","modified_gmt":"2026-04-14T12:07:08","slug":"u-mbajt-takimi-i-radhes-ne-kuader-te-hartimit-te-planit-strategjik","status":"publish","type":"post","link":"https:\/\/unhz.eu\/bs\/blog\/u-mbajt-takimi-i-radhes-ne-kuader-te-hartimit-te-planit-strategjik\/","title":{"rendered":"U mbajt takimi i radh\u00ebs n\u00eb kuad\u00ebr t\u00eb hartimit t\u00eb Planit Strategjik"},"content":{"rendered":"<p>N\u00eb kuad\u00ebr t\u00eb procesit t\u00eb hartimit dhe zhvillimit t\u00eb Planit Strategjik institucional, u mbajt takimi i radh\u00ebs i grupit punues, gjat\u00eb t\u00eb cilit u diskutuan dhe u trajtuan dy objektiva t\u00eb r\u00ebnd\u00ebsish\u00ebm strategjik\u00eb: Objektivi Strategjik 7 \u2013 Ekosistemi i Integruar dhe Objektivi Strategjik 8 \u2013 Infrastruktura.<\/p>\n\n\n\n<p>Gjat\u00eb takimit u diskutua mbi r\u00ebnd\u00ebsin\u00eb e nd\u00ebrtimit t\u00eb nj\u00eb ekosistemi t\u00eb integruar institucional, i cili synon t\u00eb forcoj\u00eb bashk\u00ebpunimin nd\u00ebrmjet nj\u00ebsive akademike dhe administrative, si dhe t\u00eb nxis\u00eb partneritete t\u00eb q\u00ebndrueshme me institucionet dhe aktor\u00ebt relevant\u00eb n\u00eb nivel vendor dhe nd\u00ebrkomb\u00ebtar.<\/p>\n\n\n\n<p>Po ashtu, pjes\u00ebmarr\u00ebsit trajtuan \u00e7\u00ebshtje q\u00eb lidhen me zhvillimin dhe modernizimin e infrastruktur\u00ebs universitare, duke theksuar nevoj\u00ebn p\u00ebr p\u00ebrmir\u00ebsimin e hap\u00ebsirave akademike dhe k\u00ebrkimore, si dhe avancimin e infrastruktur\u00ebs digjitale n\u00eb funksion t\u00eb p\u00ebrmir\u00ebsimit t\u00eb cil\u00ebsis\u00eb s\u00eb m\u00ebsimdh\u00ebnies, k\u00ebrkimit shkencor dhe sh\u00ebrbimeve p\u00ebr student\u00ebt.<\/p>\n\n\n\n<p>Takimi u zhvillua n\u00eb frym\u00eb bashk\u00ebpunimi dhe diskutimi konstruktiv, duke kontribuar n\u00eb p\u00ebrcaktimin e prioriteteve dhe veprimeve konkrete p\u00ebr avancimin e m\u00ebtejm\u00eb t\u00eb Planit Strategjik t\u00eb institucionit.<\/p>\n\n\n\n<figure class=\"wp-block-gallery has-nested-images columns-default is-cropped wp-block-gallery-1 is-layout-flex wp-block-gallery-is-layout-flex\">\n<figure class=\"wp-block-image size-large\"><img data-dominant-color=\"8b817a\" data-has-transparency=\"false\" style=\"--dominant-color: #8b817a;\" fetchpriority=\"high\" decoding=\"async\" width=\"1024\" height=\"683\" data-id=\"60655\" src=\"https:\/\/unhz.eu\/wp-content\/uploads\/2026\/03\/DSC08561-1024x683.jpg\" alt=\"\" class=\"wp-image-60655 not-transparent\" srcset=\"https:\/\/unhz.eu\/wp-content\/uploads\/2026\/03\/DSC08561-1024x683.jpg 1024w, https:\/\/unhz.eu\/wp-content\/uploads\/2026\/03\/DSC08561-300x200.jpg 300w, https:\/\/unhz.eu\/wp-content\/uploads\/2026\/03\/DSC08561-768x512.jpg 768w, https:\/\/unhz.eu\/wp-content\/uploads\/2026\/03\/DSC08561-1536x1024.jpg 1536w, https:\/\/unhz.eu\/wp-content\/uploads\/2026\/03\/DSC08561-2048x1365.jpg 2048w, https:\/\/unhz.eu\/wp-content\/uploads\/2026\/03\/DSC08561-18x12.jpg 18w, https:\/\/unhz.eu\/wp-content\/uploads\/2026\/03\/DSC08561-370x247.jpg 370w, https:\/\/unhz.eu\/wp-content\/uploads\/2026\/03\/DSC08561-840x560.jpg 840w, https:\/\/unhz.eu\/wp-content\/uploads\/2026\/03\/DSC08561-410x273.jpg 410w\" sizes=\"(max-width: 1024px) 100vw, 1024px\" \/><\/figure>\n\n\n\n<figure class=\"wp-block-image size-large\"><img data-dominant-color=\"907a67\" data-has-transparency=\"false\" style=\"--dominant-color: #907a67;\" decoding=\"async\" width=\"1024\" height=\"683\" data-id=\"60654\" src=\"https:\/\/unhz.eu\/wp-content\/uploads\/2026\/03\/DSC08565-1024x683.jpg\" alt=\"\" class=\"wp-image-60654 not-transparent\" srcset=\"https:\/\/unhz.eu\/wp-content\/uploads\/2026\/03\/DSC08565-1024x683.jpg 1024w, https:\/\/unhz.eu\/wp-content\/uploads\/2026\/03\/DSC08565-300x200.jpg 300w, https:\/\/unhz.eu\/wp-content\/uploads\/2026\/03\/DSC08565-768x512.jpg 768w, https:\/\/unhz.eu\/wp-content\/uploads\/2026\/03\/DSC08565-1536x1024.jpg 1536w, https:\/\/unhz.eu\/wp-content\/uploads\/2026\/03\/DSC08565-2048x1365.jpg 2048w, https:\/\/unhz.eu\/wp-content\/uploads\/2026\/03\/DSC08565-18x12.jpg 18w, https:\/\/unhz.eu\/wp-content\/uploads\/2026\/03\/DSC08565-370x247.jpg 370w, https:\/\/unhz.eu\/wp-content\/uploads\/2026\/03\/DSC08565-840x560.jpg 840w, https:\/\/unhz.eu\/wp-content\/uploads\/2026\/03\/DSC08565-410x273.jpg 410w\" sizes=\"(max-width: 1024px) 100vw, 1024px\" \/><\/figure>\n<\/figure>","protected":false},"excerpt":{"rendered":"<p>N\u00eb kuad\u00ebr t\u00eb procesit t\u00eb hartimit dhe zhvillimit t\u00eb Planit Strategjik institucional, u mbajt takimi&hellip;<\/p>","protected":false},"author":1,"featured_media":60655,"comment_status":"closed","ping_status":"closed","sticky":false,"template":"","format":"standard","meta":{"_acf_changed":false,"footnotes":"","jetpack_publicize_message":"","jetpack_publicize_feature_enabled":true,"jetpack_social_post_already_shared":true,"jetpack_social_options":{"image_generator_settings":{"template":"highway","default_image_id":0,"font":"","enabled":false},"version":2}},"categories":[241],"tags":[],"class_list":["post-60653","post","type-post","status-publish","format-standard","has-post-thumbnail","hentry","category-slider"],"yoast_head":"<!-- This site is optimized with the Yoast SEO Premium plugin v27.2 (Yoast SEO v27.2) - https:\/\/yoast.com\/product\/yoast-seo-premium-wordpress\/ -->\n<title>U mbajt takimi i radh\u00ebs n\u00eb kuad\u00ebr t\u00eb hartimit t\u00eb Planit Strategjik - University Haxhi Zeka<\/title>\n<meta name=\"description\" content=\"UHZ vazhdon procesin p\u00ebr hartimin e Planit Strategjik 2026-2030 me takimin e radh\u00ebs, duke p\u00ebrfshir\u00eb stafin akademik dhe administrativ n\u00eb diskutime p\u00ebr vizionin dhe zhvillimin institucional.\" \/>\n<meta name=\"robots\" content=\"index, follow, max-snippet:-1, max-image-preview:large, max-video-preview:-1\" \/>\n<link rel=\"canonical\" href=\"https:\/\/unhz.eu\/bs\/blog\/u-mbajt-takimi-i-radhes-ne-kuader-te-hartimit-te-planit-strategjik\/\" \/>\n<meta property=\"og:locale\" content=\"bs_BA\" \/>\n<meta property=\"og:type\" content=\"article\" \/>\n<meta property=\"og:title\" content=\"U mbajt takimi i radh\u00ebs n\u00eb kuad\u00ebr t\u00eb hartimit t\u00eb Planit Strategjik\" \/>\n<meta property=\"og:description\" content=\"UHZ vazhdon procesin p\u00ebr hartimin e Planit Strategjik 2026-2030 me takimin e radh\u00ebs, duke p\u00ebrfshir\u00eb stafin akademik dhe administrativ n\u00eb diskutime p\u00ebr vizionin dhe zhvillimin institucional.\" \/>\n<meta property=\"og:url\" content=\"https:\/\/unhz.eu\/bs\/blog\/u-mbajt-takimi-i-radhes-ne-kuader-te-hartimit-te-planit-strategjik\/\" \/>\n<meta property=\"og:site_name\" content=\"University Haxhi Zeka\" \/>\n<meta property=\"article:publisher\" content=\"https:\/\/www.facebook.com\/uni.haxhizeka\" \/>\n<meta property=\"article:published_time\" content=\"2026-03-30T13:48:18+00:00\" \/>\n<meta property=\"article:modified_time\" content=\"2026-04-14T12:07:08+00:00\" \/>\n<meta property=\"og:image\" content=\"https:\/\/unhz.eu\/wp-content\/uploads\/2026\/03\/DSC08561-1024x683.jpg\" \/>\n\t<meta property=\"og:image:width\" content=\"1024\" \/>\n\t<meta property=\"og:image:height\" content=\"683\" \/>\n\t<meta property=\"og:image:type\" content=\"image\/jpeg\" \/>\n<meta name=\"author\" content=\"admin\" \/>\n<meta name=\"twitter:card\" content=\"summary_large_image\" \/>\n<meta name=\"twitter:creator\" content=\"@uni_haxhizeka\" \/>\n<meta name=\"twitter:site\" content=\"@uni_haxhizeka\" \/>\n<meta name=\"twitter:label1\" content=\"Written by\" \/>\n\t<meta name=\"twitter:data1\" content=\"admin\" \/>\n\t<meta name=\"twitter:label2\" content=\"Est. reading time\" \/>\n\t<meta name=\"twitter:data2\" content=\"2 minute\" \/>\n<script type=\"application\/ld+json\" class=\"yoast-schema-graph\">{\"@context\":\"https:\/\/schema.org\",\"@graph\":[{\"@type\":\"Article\",\"@id\":\"https:\/\/unhz.eu\/blog\/u-mbajt-takimi-i-radhes-ne-kuader-te-hartimit-te-planit-strategjik\/#article\",\"isPartOf\":{\"@id\":\"https:\/\/unhz.eu\/blog\/u-mbajt-takimi-i-radhes-ne-kuader-te-hartimit-te-planit-strategjik\/\"},\"author\":{\"name\":\"admin\",\"@id\":\"https:\/\/unhz.eu\/#\/schema\/person\/21689325e6e3d012b5f84cf69accd022\"},\"headline\":\"U mbajt takimi i radh\u00ebs n\u00eb kuad\u00ebr t\u00eb hartimit t\u00eb Planit Strategjik\",\"datePublished\":\"2026-03-30T13:48:18+00:00\",\"dateModified\":\"2026-04-14T12:07:08+00:00\",\"mainEntityOfPage\":{\"@id\":\"https:\/\/unhz.eu\/blog\/u-mbajt-takimi-i-radhes-ne-kuader-te-hartimit-te-planit-strategjik\/\"},\"wordCount\":207,\"publisher\":{\"@id\":\"https:\/\/unhz.eu\/#organization\"},\"image\":{\"@id\":\"https:\/\/unhz.eu\/blog\/u-mbajt-takimi-i-radhes-ne-kuader-te-hartimit-te-planit-strategjik\/#primaryimage\"},\"thumbnailUrl\":\"https:\/\/unhz.eu\/wp-content\/uploads\/2026\/03\/DSC08561-scaled.jpg\",\"articleSection\":[\"Slider\"],\"inLanguage\":\"bs-BA\"},{\"@type\":\"WebPage\",\"@id\":\"https:\/\/unhz.eu\/blog\/u-mbajt-takimi-i-radhes-ne-kuader-te-hartimit-te-planit-strategjik\/\",\"url\":\"https:\/\/unhz.eu\/blog\/u-mbajt-takimi-i-radhes-ne-kuader-te-hartimit-te-planit-strategjik\/\",\"name\":\"U mbajt takimi i radh\u00ebs n\u00eb kuad\u00ebr t\u00eb hartimit t\u00eb Planit Strategjik - University Haxhi Zeka\",\"isPartOf\":{\"@id\":\"https:\/\/unhz.eu\/#website\"},\"primaryImageOfPage\":{\"@id\":\"https:\/\/unhz.eu\/blog\/u-mbajt-takimi-i-radhes-ne-kuader-te-hartimit-te-planit-strategjik\/#primaryimage\"},\"image\":{\"@id\":\"https:\/\/unhz.eu\/blog\/u-mbajt-takimi-i-radhes-ne-kuader-te-hartimit-te-planit-strategjik\/#primaryimage\"},\"thumbnailUrl\":\"https:\/\/unhz.eu\/wp-content\/uploads\/2026\/03\/DSC08561-scaled.jpg\",\"datePublished\":\"2026-03-30T13:48:18+00:00\",\"dateModified\":\"2026-04-14T12:07:08+00:00\",\"description\":\"UHZ vazhdon procesin p\u00ebr hartimin e Planit Strategjik 2026-2030 me takimin e radh\u00ebs, duke p\u00ebrfshir\u00eb stafin akademik dhe administrativ n\u00eb diskutime p\u00ebr vizionin dhe zhvillimin institucional.\",\"breadcrumb\":{\"@id\":\"https:\/\/unhz.eu\/blog\/u-mbajt-takimi-i-radhes-ne-kuader-te-hartimit-te-planit-strategjik\/#breadcrumb\"},\"inLanguage\":\"bs-BA\",\"potentialAction\":[{\"@type\":\"ReadAction\",\"target\":[\"https:\/\/unhz.eu\/blog\/u-mbajt-takimi-i-radhes-ne-kuader-te-hartimit-te-planit-strategjik\/\"]}]},{\"@type\":\"ImageObject\",\"inLanguage\":\"bs-BA\",\"@id\":\"https:\/\/unhz.eu\/blog\/u-mbajt-takimi-i-radhes-ne-kuader-te-hartimit-te-planit-strategjik\/#primaryimage\",\"url\":\"https:\/\/unhz.eu\/wp-content\/uploads\/2026\/03\/DSC08561-scaled.jpg\",\"contentUrl\":\"https:\/\/unhz.eu\/wp-content\/uploads\/2026\/03\/DSC08561-scaled.jpg\",\"width\":2560,\"height\":1707},{\"@type\":\"BreadcrumbList\",\"@id\":\"https:\/\/unhz.eu\/blog\/u-mbajt-takimi-i-radhes-ne-kuader-te-hartimit-te-planit-strategjik\/#breadcrumb\",\"itemListElement\":[{\"@type\":\"ListItem\",\"position\":1,\"name\":\"Home\",\"item\":\"https:\/\/unhz.eu\/\"},{\"@type\":\"ListItem\",\"position\":2,\"name\":\"U mbajt takimi i radh\u00ebs n\u00eb kuad\u00ebr t\u00eb hartimit t\u00eb Planit Strategjik\"}]},{\"@type\":\"WebSite\",\"@id\":\"https:\/\/unhz.eu\/#website\",\"url\":\"https:\/\/unhz.eu\/\",\"name\":\"Universiteti \u201cHaxhi Zeka\u201d\",\"description\":\"I dedikuar p\u00ebr cil\u00ebsi, standarde dhe suksese\",\"publisher\":{\"@id\":\"https:\/\/unhz.eu\/#organization\"},\"alternateName\":\"Universiteti Haxhi Zeka\",\"potentialAction\":[{\"@type\":\"SearchAction\",\"target\":{\"@type\":\"EntryPoint\",\"urlTemplate\":\"https:\/\/unhz.eu\/?s={search_term_string}\"},\"query-input\":{\"@type\":\"PropertyValueSpecification\",\"valueRequired\":true,\"valueName\":\"search_term_string\"}}],\"inLanguage\":\"bs-BA\"},{\"@type\":\"Organization\",\"@id\":\"https:\/\/unhz.eu\/#organization\",\"name\":\"Universiteti \u201cHaxhi Zeka\u201d\",\"alternateName\":\"Universiteti Haxhi Zeka\",\"url\":\"https:\/\/unhz.eu\/\",\"logo\":{\"@type\":\"ImageObject\",\"inLanguage\":\"bs-BA\",\"@id\":\"https:\/\/unhz.eu\/#\/schema\/logo\/image\/\",\"url\":\"https:\/\/unhz.eu\/wp-content\/uploads\/2025\/04\/logo-unhz.webp\",\"contentUrl\":\"https:\/\/unhz.eu\/wp-content\/uploads\/2025\/04\/logo-unhz.webp\",\"width\":1024,\"height\":260,\"caption\":\"Universiteti \u201cHaxhi Zeka\u201d\"},\"image\":{\"@id\":\"https:\/\/unhz.eu\/#\/schema\/logo\/image\/\"},\"sameAs\":[\"https:\/\/www.facebook.com\/uni.haxhizeka\",\"https:\/\/x.com\/uni_haxhizeka\",\"https:\/\/www.linkedin.com\/school\/haxhi-zeka-university\",\"https:\/\/www.instagram.com\/uni_haxhizeka\/\"],\"description\":\"Universiteti \u201cHaxhi Zeka\u201d n\u00eb Pej\u00eb \u00ebsht\u00eb institucion publik i arsimit t\u00eb lart\u00eb, q\u00eb ofron studime bachelor, master dhe doktorat\u00eb n\u00eb fusha t\u00eb ndryshme si menaxhimi, turizmi, ekonomia, bujq\u00ebsia, arti dhe drejt\u00ebsia. Universiteti synon zhvillimin akademik, hulumtimin shkencor dhe kontributin n\u00eb komunitet.\",\"email\":\"info@unhz.eu\",\"telephone\":\"+38339410970\",\"legalName\":\"Universiteti \u201cHaxhi Zeka\u201d n\u00eb Pej\u00eb\",\"foundingDate\":\"2011-11-14\",\"numberOfEmployees\":{\"@type\":\"QuantitativeValue\",\"minValue\":\"201\",\"maxValue\":\"500\"}},{\"@type\":\"Person\",\"@id\":\"https:\/\/unhz.eu\/#\/schema\/person\/21689325e6e3d012b5f84cf69accd022\",\"name\":\"admin\",\"sameAs\":[\"https:\/\/unhz.eu\"],\"url\":\"https:\/\/unhz.eu\/bs\/blog\/author\/admin\/\"}]}<\/script>\n<!-- \/ Yoast SEO Premium plugin. -->","yoast_head_json":{"title":"U mbajt takimi i radh\u00ebs n\u00eb kuad\u00ebr t\u00eb hartimit t\u00eb Planit Strategjik - University Haxhi Zeka","description":"UHZ vazhdon procesin p\u00ebr hartimin e Planit Strategjik 2026-2030 me takimin e radh\u00ebs, duke p\u00ebrfshir\u00eb stafin akademik dhe administrativ n\u00eb diskutime p\u00ebr vizionin dhe zhvillimin institucional.","robots":{"index":"index","follow":"follow","max-snippet":"max-snippet:-1","max-image-preview":"max-image-preview:large","max-video-preview":"max-video-preview:-1"},"canonical":"https:\/\/unhz.eu\/bs\/blog\/u-mbajt-takimi-i-radhes-ne-kuader-te-hartimit-te-planit-strategjik\/","og_locale":"bs_BA","og_type":"article","og_title":"U mbajt takimi i radh\u00ebs n\u00eb kuad\u00ebr t\u00eb hartimit t\u00eb Planit Strategjik","og_description":"UHZ vazhdon procesin p\u00ebr hartimin e Planit Strategjik 2026-2030 me takimin e radh\u00ebs, duke p\u00ebrfshir\u00eb stafin akademik dhe administrativ n\u00eb diskutime p\u00ebr vizionin dhe zhvillimin institucional.","og_url":"https:\/\/unhz.eu\/bs\/blog\/u-mbajt-takimi-i-radhes-ne-kuader-te-hartimit-te-planit-strategjik\/","og_site_name":"University Haxhi Zeka","article_publisher":"https:\/\/www.facebook.com\/uni.haxhizeka","article_published_time":"2026-03-30T13:48:18+00:00","article_modified_time":"2026-04-14T12:07:08+00:00","og_image":[{"width":1024,"height":683,"url":"https:\/\/unhz.eu\/wp-content\/uploads\/2026\/03\/DSC08561-1024x683.jpg","type":"image\/jpeg"}],"author":"admin","twitter_card":"summary_large_image","twitter_creator":"@uni_haxhizeka","twitter_site":"@uni_haxhizeka","twitter_misc":{"Written by":"admin","Est. reading time":"2 minute"},"schema":{"@context":"https:\/\/schema.org","@graph":[{"@type":"Article","@id":"https:\/\/unhz.eu\/blog\/u-mbajt-takimi-i-radhes-ne-kuader-te-hartimit-te-planit-strategjik\/#article","isPartOf":{"@id":"https:\/\/unhz.eu\/blog\/u-mbajt-takimi-i-radhes-ne-kuader-te-hartimit-te-planit-strategjik\/"},"author":{"name":"admin","@id":"https:\/\/unhz.eu\/#\/schema\/person\/21689325e6e3d012b5f84cf69accd022"},"headline":"U mbajt takimi i radh\u00ebs n\u00eb kuad\u00ebr t\u00eb hartimit t\u00eb Planit Strategjik","datePublished":"2026-03-30T13:48:18+00:00","dateModified":"2026-04-14T12:07:08+00:00","mainEntityOfPage":{"@id":"https:\/\/unhz.eu\/blog\/u-mbajt-takimi-i-radhes-ne-kuader-te-hartimit-te-planit-strategjik\/"},"wordCount":207,"publisher":{"@id":"https:\/\/unhz.eu\/#organization"},"image":{"@id":"https:\/\/unhz.eu\/blog\/u-mbajt-takimi-i-radhes-ne-kuader-te-hartimit-te-planit-strategjik\/#primaryimage"},"thumbnailUrl":"https:\/\/unhz.eu\/wp-content\/uploads\/2026\/03\/DSC08561-scaled.jpg","articleSection":["Slider"],"inLanguage":"bs-BA"},{"@type":"WebPage","@id":"https:\/\/unhz.eu\/blog\/u-mbajt-takimi-i-radhes-ne-kuader-te-hartimit-te-planit-strategjik\/","url":"https:\/\/unhz.eu\/blog\/u-mbajt-takimi-i-radhes-ne-kuader-te-hartimit-te-planit-strategjik\/","name":"U mbajt takimi i radh\u00ebs n\u00eb kuad\u00ebr t\u00eb hartimit t\u00eb Planit Strategjik - University Haxhi Zeka","isPartOf":{"@id":"https:\/\/unhz.eu\/#website"},"primaryImageOfPage":{"@id":"https:\/\/unhz.eu\/blog\/u-mbajt-takimi-i-radhes-ne-kuader-te-hartimit-te-planit-strategjik\/#primaryimage"},"image":{"@id":"https:\/\/unhz.eu\/blog\/u-mbajt-takimi-i-radhes-ne-kuader-te-hartimit-te-planit-strategjik\/#primaryimage"},"thumbnailUrl":"https:\/\/unhz.eu\/wp-content\/uploads\/2026\/03\/DSC08561-scaled.jpg","datePublished":"2026-03-30T13:48:18+00:00","dateModified":"2026-04-14T12:07:08+00:00","description":"UHZ vazhdon procesin p\u00ebr hartimin e Planit Strategjik 2026-2030 me takimin e radh\u00ebs, duke p\u00ebrfshir\u00eb stafin akademik dhe administrativ n\u00eb diskutime p\u00ebr vizionin dhe zhvillimin institucional.","breadcrumb":{"@id":"https:\/\/unhz.eu\/blog\/u-mbajt-takimi-i-radhes-ne-kuader-te-hartimit-te-planit-strategjik\/#breadcrumb"},"inLanguage":"bs-BA","potentialAction":[{"@type":"ReadAction","target":["https:\/\/unhz.eu\/blog\/u-mbajt-takimi-i-radhes-ne-kuader-te-hartimit-te-planit-strategjik\/"]}]},{"@type":"ImageObject","inLanguage":"bs-BA","@id":"https:\/\/unhz.eu\/blog\/u-mbajt-takimi-i-radhes-ne-kuader-te-hartimit-te-planit-strategjik\/#primaryimage","url":"https:\/\/unhz.eu\/wp-content\/uploads\/2026\/03\/DSC08561-scaled.jpg","contentUrl":"https:\/\/unhz.eu\/wp-content\/uploads\/2026\/03\/DSC08561-scaled.jpg","width":2560,"height":1707},{"@type":"BreadcrumbList","@id":"https:\/\/unhz.eu\/blog\/u-mbajt-takimi-i-radhes-ne-kuader-te-hartimit-te-planit-strategjik\/#breadcrumb","itemListElement":[{"@type":"ListItem","position":1,"name":"Home","item":"https:\/\/unhz.eu\/"},{"@type":"ListItem","position":2,"name":"U mbajt takimi i radh\u00ebs n\u00eb kuad\u00ebr t\u00eb hartimit t\u00eb Planit Strategjik"}]},{"@type":"WebSite","@id":"https:\/\/unhz.eu\/#website","url":"https:\/\/unhz.eu\/","name":"Univerzitet &quot;Had\u017ei Zeka&quot;\u201c","description":"Posve\u0107eni kvaliteti, standardima i uspjehu","publisher":{"@id":"https:\/\/unhz.eu\/#organization"},"alternateName":"Universiteti Haxhi Zeka","potentialAction":[{"@type":"SearchAction","target":{"@type":"EntryPoint","urlTemplate":"https:\/\/unhz.eu\/?s={search_term_string}"},"query-input":{"@type":"PropertyValueSpecification","valueRequired":true,"valueName":"search_term_string"}}],"inLanguage":"bs-BA"},{"@type":"Organization","@id":"https:\/\/unhz.eu\/#organization","name":"Univerzitet &quot;Had\u017ei Zeka&quot;\u201c","alternateName":"Universiteti Haxhi Zeka","url":"https:\/\/unhz.eu\/","logo":{"@type":"ImageObject","inLanguage":"bs-BA","@id":"https:\/\/unhz.eu\/#\/schema\/logo\/image\/","url":"https:\/\/unhz.eu\/wp-content\/uploads\/2025\/04\/logo-unhz.webp","contentUrl":"https:\/\/unhz.eu\/wp-content\/uploads\/2025\/04\/logo-unhz.webp","width":1024,"height":260,"caption":"Universiteti \u201cHaxhi Zeka\u201d"},"image":{"@id":"https:\/\/unhz.eu\/#\/schema\/logo\/image\/"},"sameAs":["https:\/\/www.facebook.com\/uni.haxhizeka","https:\/\/x.com\/uni_haxhizeka","https:\/\/www.linkedin.com\/school\/haxhi-zeka-university","https:\/\/www.instagram.com\/uni_haxhizeka\/"],"description":"Univerzitet &quot;Had\u017ei Zeka&quot; u Pe\u0107i je javna visoko\u0161kolska ustanova koja nudi dodiplomske, master i doktorske studije u raznim oblastima kao \u0161to su menad\u017ement, turizam, ekonomija, poljoprivreda, umjetnost i pravo. Univerzitet ima za cilj akademski razvoj, nau\u010dna istra\u017eivanja i doprinos zajednici.","email":"info@unhz.eu","telephone":"+38339410970","legalName":"Universiteti \u201cHaxhi Zeka\u201d n\u00eb Pej\u00eb","foundingDate":"2011-11-14","numberOfEmployees":{"@type":"QuantitativeValue","minValue":"201","maxValue":"500"}},{"@type":"Person","@id":"https:\/\/unhz.eu\/#\/schema\/person\/21689325e6e3d012b5f84cf69accd022","name":"administrator","sameAs":["https:\/\/unhz.eu"],"url":"https:\/\/unhz.eu\/bs\/blog\/author\/admin\/"}]}},"acf":[],"jetpack_publicize_connections":[],"_links":{"self":[{"href":"https:\/\/unhz.eu\/bs\/wp-json\/wp\/v2\/posts\/60653","targetHints":{"allow":["GET"]}}],"collection":[{"href":"https:\/\/unhz.eu\/bs\/wp-json\/wp\/v2\/posts"}],"about":[{"href":"https:\/\/unhz.eu\/bs\/wp-json\/wp\/v2\/types\/post"}],"author":[{"embeddable":true,"href":"https:\/\/unhz.eu\/bs\/wp-json\/wp\/v2\/users\/1"}],"replies":[{"embeddable":true,"href":"https:\/\/unhz.eu\/bs\/wp-json\/wp\/v2\/comments?post=60653"}],"version-history":[{"count":2,"href":"https:\/\/unhz.eu\/bs\/wp-json\/wp\/v2\/posts\/60653\/revisions"}],"predecessor-version":[{"id":60709,"href":"https:\/\/unhz.eu\/bs\/wp-json\/wp\/v2\/posts\/60653\/revisions\/60709"}],"wp:featuredmedia":[{"embeddable":true,"href":"https:\/\/unhz.eu\/bs\/wp-json\/wp\/v2\/media\/60655"}],"wp:attachment":[{"href":"https:\/\/unhz.eu\/bs\/wp-json\/wp\/v2\/media?parent=60653"}],"wp:term":[{"taxonomy":"category","embeddable":true,"href":"https:\/\/unhz.eu\/bs\/wp-json\/wp\/v2\/categories?post=60653"},{"taxonomy":"post_tag","embeddable":true,"href":"https:\/\/unhz.eu\/bs\/wp-json\/wp\/v2\/tags?post=60653"}],"curies":[{"name":"radni list","href":"https:\/\/api.w.org\/{rel}","templated":true}]}}