{"id":60541,"date":"2026-03-24T14:19:25","date_gmt":"2026-03-24T12:19:25","guid":{"rendered":"https:\/\/unhz.eu\/?p=60541"},"modified":"2026-03-24T14:29:06","modified_gmt":"2026-03-24T12:29:06","slug":"epopeja-e-dukagjinit-kujtesa-nderimi-uhz","status":"publish","type":"post","link":"https:\/\/unhz.eu\/bs\/blog\/epopeja-e-dukagjinit-kujtesa-nderimi-uhz\/","title":{"rendered":"Epopeja e Dukagjinit \u2013 kujtes\u00eb, nderim dhe p\u00ebrkushtim institucional p\u00ebr lirin\u00eb"},"content":{"rendered":"<p>Sot, n\u00eb p\u00ebrvjetorin e 28-t\u00eb t\u00eb nj\u00eb prej ngjarjeve m\u00eb t\u00eb lavdishme t\u00eb historis\u00eb son\u00eb t\u00eb re \u2013 betej\u00ebs s\u00eb Ushtris\u00eb \u00c7lirimtare t\u00eb Kosov\u00ebs n\u00eb Gllogjan, e njohur si \u201cEpopeja e Dukagjinit\u201d, Universiteti \u201cHaxhi Zeka\u201d n\u00eb Pej\u00eb u p\u00ebrkul me respekt t\u00eb thell\u00eb para sakrific\u00ebs sublime t\u00eb bijve dhe bijave t\u00eb k\u00ebtij vendi. Kjo ngjarje, e zhvilluar m\u00eb 24 mars 1998, nuk p\u00ebrfaq\u00ebson vet\u00ebm nj\u00eb moment historik t\u00eb rezistenc\u00ebs, por nj\u00eb akt t\u00eb madh t\u00eb vet\u00ebdijes komb\u00ebtare p\u00ebr liri, dinjitet dhe t\u00eb ardhme.<\/p>\n\n\n\n<p>Delegacioni i Universitetit \u201cHaxhi Zeka\u201d, i p\u00ebrb\u00ebr\u00eb nga Prof. Dr. Armand Krasniqi, Prof. Dr. Edmond Beqiri, Dr. sc. Prof. asoc. Alma Shehu-Lokaj dhe Dr. sc. Prof. asoc. Vjosa Hajdari, mori pjes\u00eb n\u00eb k\u00ebt\u00eb ceremoni p\u00ebrkujtimore, duke shprehur n\u00eb m\u00ebnyr\u00eb institucionale dhe njer\u00ebzore nderimin m\u00eb t\u00eb lart\u00eb p\u00ebr t\u00eb gjith\u00eb ata q\u00eb dhan\u00eb gjith\u00e7ka p\u00ebr lirin\u00eb e Kosov\u00ebs \u2013 p\u00ebr t\u00eb r\u00ebn\u00ebt q\u00eb u b\u00ebn\u00eb themel i shtetit dhe p\u00ebr t\u00eb gjall\u00ebt q\u00eb mbajn\u00eb mbi supe kujtes\u00ebn dhe p\u00ebrgjegj\u00ebsin\u00eb e vazhdim\u00ebsis\u00eb.<\/p>\n\n\n\n<p>N\u00eb k\u00ebt\u00eb dit\u00eb t\u00eb sh\u00ebnuar, Gllogjani nuk ishte vet\u00ebm vend kujtese, por nj\u00eb hap\u00ebsir\u00eb reflektimi kolektiv, ku historia dhe e tashmja u bashkuan n\u00eb nj\u00eb ndjenj\u00eb t\u00eb p\u00ebrbashk\u00ebt mir\u00ebnjohjeje. Epopeja e Dukagjinit mbetet simbol i pathyeshm\u00ebris\u00eb dhe i q\u00ebndres\u00ebs, d\u00ebshmi se liria nuk \u00ebsht\u00eb dhurat\u00eb, por rezultat i sakrific\u00ebs dhe i p\u00ebrkushtimit t\u00eb pakusht\u00ebzuar.<\/p>\n\n\n\n<p>Nj\u00eb moment i ve\u00e7ant\u00eb dhe thell\u00ebsisht emocionues i k\u00ebsaj ceremonie ishte interpretimi i himnit komb\u00ebtar nga Kori i Fakultetit t\u00eb Arteve t\u00eb Universitetit \u201cHaxhi Zeka\u201d n\u00eb dirigjimin&nbsp; e Prof. Hysen NImanit. Ky interpretim nuk ishte vet\u00ebm nj\u00eb akt artistik, por nj\u00eb shprehje e shpirtit universitar q\u00eb lidhet me vlerat m\u00eb t\u00eb larta komb\u00ebtare, duke d\u00ebshmuar se universiteti yn\u00eb nuk \u00ebsht\u00eb vet\u00ebm institucion i dijes, por edhe bart\u00ebs i kujtes\u00ebs historike dhe i identitetit kulturor.<\/p>\n\n\n\n<p>P\u00ebr Universitetin \u201cHaxhi Zeka\u201d, pjes\u00ebmarrja n\u00eb ngjarje t\u00eb tilla nuk \u00ebsht\u00eb thjesht\u00eb detyrim formal, por nj\u00eb mision i vazhduesh\u00ebm p\u00ebr t\u00eb edukuar brezat e rinj me ndjenj\u00ebn e respektit ndaj historis\u00eb, sakrific\u00ebs dhe vlerave mbi t\u00eb cilat \u00ebsht\u00eb nd\u00ebrtuar shteti yn\u00eb. N\u00eb k\u00ebt\u00eb frym\u00eb, universiteti mbetet i p\u00ebrkushtuar q\u00eb p\u00ebrmes m\u00ebsimdh\u00ebnies, k\u00ebrkimit shkencor dhe angazhimit shoq\u00ebror, t\u00eb kultivoj\u00eb nd\u00ebrgjegjen qytetare dhe t\u00eb ruaj\u00eb gjall\u00eb kujtes\u00ebn kolektive.<\/p>\n\n\n\n<p>Epopeja e Dukagjinit nuk \u00ebsht\u00eb vet\u00ebm nj\u00eb kujtim i s\u00eb kaluar\u00ebs \u2013 ajo \u00ebsht\u00eb nj\u00eb thirrje p\u00ebr p\u00ebrgjegj\u00ebsi n\u00eb t\u00eb tashmen dhe nj\u00eb udh\u00ebrr\u00ebfyes p\u00ebr t\u00eb ardhmen. Duke nderuar t\u00eb kaluar\u00ebn, ne nd\u00ebrtojm\u00eb t\u00eb ardhmen. Dhe pik\u00ebrisht n\u00eb k\u00ebt\u00eb nd\u00ebrthurje t\u00eb kujtes\u00ebs dhe vizionit, q\u00ebndron edhe roli i universitetit si nj\u00eb institucion q\u00eb lidh historin\u00eb me zhvillimin, sakrific\u00ebn me dijen, dhe idealin me veprimin.<\/p>\n\n\n\n<p>Lavdi t\u00eb p\u00ebrjetshme d\u00ebshmor\u00ebve t\u00eb liris\u00eb!<\/p>\n\n\n\n<figure class=\"wp-block-gallery has-nested-images columns-default is-cropped wp-block-gallery-1 is-layout-flex wp-block-gallery-is-layout-flex\">\n<figure class=\"wp-block-image size-large\"><img data-dominant-color=\"8a7868\" data-has-transparency=\"false\" style=\"--dominant-color: #8a7868;\" fetchpriority=\"high\" decoding=\"async\" width=\"768\" height=\"1024\" data-id=\"60546\" src=\"https:\/\/unhz.eu\/wp-content\/uploads\/2026\/03\/Epopeja-e-Dukagjinit_UHZ-1-768x1024.jpeg\" alt=\"\" class=\"wp-image-60546 not-transparent\" srcset=\"https:\/\/unhz.eu\/wp-content\/uploads\/2026\/03\/Epopeja-e-Dukagjinit_UHZ-1-768x1024.jpeg 768w, https:\/\/unhz.eu\/wp-content\/uploads\/2026\/03\/Epopeja-e-Dukagjinit_UHZ-1-225x300.jpeg 225w, https:\/\/unhz.eu\/wp-content\/uploads\/2026\/03\/Epopeja-e-Dukagjinit_UHZ-1-9x12.jpeg 9w, https:\/\/unhz.eu\/wp-content\/uploads\/2026\/03\/Epopeja-e-Dukagjinit_UHZ-1-370x493.jpeg 370w, https:\/\/unhz.eu\/wp-content\/uploads\/2026\/03\/Epopeja-e-Dukagjinit_UHZ-1-840x1120.jpeg 840w, https:\/\/unhz.eu\/wp-content\/uploads\/2026\/03\/Epopeja-e-Dukagjinit_UHZ-1-410x547.jpeg 410w, https:\/\/unhz.eu\/wp-content\/uploads\/2026\/03\/Epopeja-e-Dukagjinit_UHZ-1.jpeg 960w\" sizes=\"(max-width: 768px) 100vw, 768px\" \/><\/figure>\n\n\n\n<figure class=\"wp-block-image size-large\"><img data-dominant-color=\"8892ae\" data-has-transparency=\"false\" style=\"--dominant-color: #8892ae;\" decoding=\"async\" width=\"768\" height=\"1024\" data-id=\"60545\" src=\"https:\/\/unhz.eu\/wp-content\/uploads\/2026\/03\/Epopeja-e-Dukagjinit_UHZ-5-768x1024.jpeg\" alt=\"\" class=\"wp-image-60545 not-transparent\" srcset=\"https:\/\/unhz.eu\/wp-content\/uploads\/2026\/03\/Epopeja-e-Dukagjinit_UHZ-5-768x1024.jpeg 768w, https:\/\/unhz.eu\/wp-content\/uploads\/2026\/03\/Epopeja-e-Dukagjinit_UHZ-5-225x300.jpeg 225w, https:\/\/unhz.eu\/wp-content\/uploads\/2026\/03\/Epopeja-e-Dukagjinit_UHZ-5-9x12.jpeg 9w, https:\/\/unhz.eu\/wp-content\/uploads\/2026\/03\/Epopeja-e-Dukagjinit_UHZ-5-370x493.jpeg 370w, https:\/\/unhz.eu\/wp-content\/uploads\/2026\/03\/Epopeja-e-Dukagjinit_UHZ-5-840x1120.jpeg 840w, https:\/\/unhz.eu\/wp-content\/uploads\/2026\/03\/Epopeja-e-Dukagjinit_UHZ-5-410x547.jpeg 410w, https:\/\/unhz.eu\/wp-content\/uploads\/2026\/03\/Epopeja-e-Dukagjinit_UHZ-5.jpeg 960w\" sizes=\"(max-width: 768px) 100vw, 768px\" \/><\/figure>\n\n\n\n<figure class=\"wp-block-image size-large\"><img data-dominant-color=\"979fa6\" data-has-transparency=\"false\" style=\"--dominant-color: #979fa6;\" decoding=\"async\" width=\"768\" height=\"1024\" data-id=\"60544\" src=\"https:\/\/unhz.eu\/wp-content\/uploads\/2026\/03\/Epopeja-e-Dukagjinit_UHZ-4-768x1024.jpeg\" alt=\"\" class=\"wp-image-60544 not-transparent\" srcset=\"https:\/\/unhz.eu\/wp-content\/uploads\/2026\/03\/Epopeja-e-Dukagjinit_UHZ-4-768x1024.jpeg 768w, https:\/\/unhz.eu\/wp-content\/uploads\/2026\/03\/Epopeja-e-Dukagjinit_UHZ-4-225x300.jpeg 225w, https:\/\/unhz.eu\/wp-content\/uploads\/2026\/03\/Epopeja-e-Dukagjinit_UHZ-4-9x12.jpeg 9w, https:\/\/unhz.eu\/wp-content\/uploads\/2026\/03\/Epopeja-e-Dukagjinit_UHZ-4-370x493.jpeg 370w, https:\/\/unhz.eu\/wp-content\/uploads\/2026\/03\/Epopeja-e-Dukagjinit_UHZ-4-840x1120.jpeg 840w, https:\/\/unhz.eu\/wp-content\/uploads\/2026\/03\/Epopeja-e-Dukagjinit_UHZ-4-410x547.jpeg 410w, https:\/\/unhz.eu\/wp-content\/uploads\/2026\/03\/Epopeja-e-Dukagjinit_UHZ-4.jpeg 960w\" sizes=\"(max-width: 768px) 100vw, 768px\" \/><\/figure>\n\n\n\n<figure class=\"wp-block-image size-large\"><img data-dominant-color=\"91959a\" data-has-transparency=\"false\" style=\"--dominant-color: #91959a;\" decoding=\"async\" data-id=\"60543\" src=\"https:\/\/unhz.eu\/wp-content\/uploads\/2026\/03\/Epopeja-e-Dukagjinit_UHZ-3-1024x768.jpeg\" alt=\"\" class=\"wp-image-60543 not-transparent\"\/><\/figure>\n\n\n\n<figure class=\"wp-block-image size-large\"><img data-dominant-color=\"5e5e60\" data-has-transparency=\"false\" style=\"--dominant-color: #5e5e60;\" loading=\"lazy\" decoding=\"async\" width=\"1024\" height=\"923\" data-id=\"60542\" src=\"https:\/\/unhz.eu\/wp-content\/uploads\/2026\/03\/Epopeja-e-Dukagjinit_UHZ-2-1024x923.jpeg\" alt=\"\" class=\"wp-image-60542 not-transparent\" srcset=\"https:\/\/unhz.eu\/wp-content\/uploads\/2026\/03\/Epopeja-e-Dukagjinit_UHZ-2-1024x923.jpeg 1024w, https:\/\/unhz.eu\/wp-content\/uploads\/2026\/03\/Epopeja-e-Dukagjinit_UHZ-2-300x270.jpeg 300w, https:\/\/unhz.eu\/wp-content\/uploads\/2026\/03\/Epopeja-e-Dukagjinit_UHZ-2-768x692.jpeg 768w, https:\/\/unhz.eu\/wp-content\/uploads\/2026\/03\/Epopeja-e-Dukagjinit_UHZ-2-13x12.jpeg 13w, https:\/\/unhz.eu\/wp-content\/uploads\/2026\/03\/Epopeja-e-Dukagjinit_UHZ-2-370x333.jpeg 370w, https:\/\/unhz.eu\/wp-content\/uploads\/2026\/03\/Epopeja-e-Dukagjinit_UHZ-2-840x757.jpeg 840w, https:\/\/unhz.eu\/wp-content\/uploads\/2026\/03\/Epopeja-e-Dukagjinit_UHZ-2-410x369.jpeg 410w, https:\/\/unhz.eu\/wp-content\/uploads\/2026\/03\/Epopeja-e-Dukagjinit_UHZ-2.jpeg 1123w\" sizes=\"(max-width: 1024px) 100vw, 1024px\" \/><\/figure>\n<\/figure>","protected":false},"excerpt":{"rendered":"<p>Sot, n\u00eb p\u00ebrvjetorin e 28-t\u00eb t\u00eb nj\u00eb prej ngjarjeve m\u00eb t\u00eb lavdishme t\u00eb historis\u00eb son\u00eb&hellip;<\/p>","protected":false},"author":1,"featured_media":60543,"comment_status":"closed","ping_status":"closed","sticky":false,"template":"","format":"standard","meta":{"_acf_changed":false,"footnotes":"","jetpack_publicize_message":"","jetpack_publicize_feature_enabled":true,"jetpack_social_post_already_shared":true,"jetpack_social_options":{"image_generator_settings":{"template":"highway","default_image_id":0,"font":"","enabled":false},"version":2}},"categories":[241],"tags":[],"class_list":["post-60541","post","type-post","status-publish","format-standard","has-post-thumbnail","hentry","category-slider"],"yoast_head":"<!-- This site is optimized with the Yoast SEO Premium plugin v27.2 (Yoast SEO v27.2) - https:\/\/yoast.com\/product\/yoast-seo-premium-wordpress\/ -->\n<title>Epopeja e Dukagjinit \u2013 Nderim dhe Kujtes\u00eb n\u00eb Universitetin Haxhi Zeka<\/title>\n<meta name=\"description\" content=\"Universiteti \u201cHaxhi Zeka\u201d p\u00ebrkujton Epopej\u00ebn e Dukagjinit n\u00eb Gllogjan, duke nderuar sakrific\u00ebn e d\u00ebshmor\u00ebve t\u00eb liris\u00eb s\u00eb Kosov\u00ebs.\" \/>\n<meta name=\"robots\" content=\"index, follow, max-snippet:-1, max-image-preview:large, max-video-preview:-1\" \/>\n<link rel=\"canonical\" href=\"https:\/\/unhz.eu\/bs\/blog\/epopeja-e-dukagjinit-kujtesa-nderimi-uhz\/\" \/>\n<meta property=\"og:locale\" content=\"bs_BA\" \/>\n<meta property=\"og:type\" content=\"article\" \/>\n<meta property=\"og:title\" content=\"Epopeja e Dukagjinit \u2013 kujtes\u00eb, nderim dhe p\u00ebrkushtim institucional p\u00ebr lirin\u00eb\" \/>\n<meta property=\"og:description\" content=\"Universiteti \u201cHaxhi Zeka\u201d p\u00ebrkujton Epopej\u00ebn e Dukagjinit n\u00eb Gllogjan, duke nderuar sakrific\u00ebn e d\u00ebshmor\u00ebve t\u00eb liris\u00eb s\u00eb Kosov\u00ebs.\" \/>\n<meta property=\"og:url\" content=\"https:\/\/unhz.eu\/bs\/blog\/epopeja-e-dukagjinit-kujtesa-nderimi-uhz\/\" \/>\n<meta property=\"og:site_name\" content=\"University Haxhi Zeka\" \/>\n<meta property=\"article:publisher\" content=\"https:\/\/www.facebook.com\/uni.haxhizeka\" \/>\n<meta property=\"article:published_time\" content=\"2026-03-24T12:19:25+00:00\" \/>\n<meta property=\"article:modified_time\" content=\"2026-03-24T12:29:06+00:00\" \/>\n<meta property=\"og:image\" content=\"https:\/\/unhz.eu\/wp-content\/uploads\/2026\/03\/Epopeja-e-Dukagjinit_UHZ-3-e1774355336663.jpeg\" \/>\n\t<meta property=\"og:image:width\" content=\"1280\" \/>\n\t<meta property=\"og:image:height\" content=\"768\" \/>\n\t<meta property=\"og:image:type\" content=\"image\/jpeg\" \/>\n<meta name=\"author\" content=\"admin\" \/>\n<meta name=\"twitter:card\" content=\"summary_large_image\" \/>\n<meta name=\"twitter:creator\" content=\"@uni_haxhizeka\" \/>\n<meta name=\"twitter:site\" content=\"@uni_haxhizeka\" \/>\n<meta name=\"twitter:label1\" content=\"Written by\" \/>\n\t<meta name=\"twitter:data1\" content=\"admin\" \/>\n\t<meta name=\"twitter:label2\" content=\"Est. reading time\" \/>\n\t<meta name=\"twitter:data2\" content=\"4 minute\" \/>\n<script type=\"application\/ld+json\" class=\"yoast-schema-graph\">{\"@context\":\"https:\/\/schema.org\",\"@graph\":[{\"@type\":\"Article\",\"@id\":\"https:\/\/unhz.eu\/blog\/epopeja-e-dukagjinit-kujtesa-nderimi-uhz\/#article\",\"isPartOf\":{\"@id\":\"https:\/\/unhz.eu\/blog\/epopeja-e-dukagjinit-kujtesa-nderimi-uhz\/\"},\"author\":{\"name\":\"admin\",\"@id\":\"https:\/\/unhz.eu\/#\/schema\/person\/21689325e6e3d012b5f84cf69accd022\"},\"headline\":\"Epopeja e Dukagjinit \u2013 kujtes\u00eb, nderim dhe p\u00ebrkushtim institucional p\u00ebr lirin\u00eb\",\"datePublished\":\"2026-03-24T12:19:25+00:00\",\"dateModified\":\"2026-03-24T12:29:06+00:00\",\"mainEntityOfPage\":{\"@id\":\"https:\/\/unhz.eu\/blog\/epopeja-e-dukagjinit-kujtesa-nderimi-uhz\/\"},\"wordCount\":527,\"publisher\":{\"@id\":\"https:\/\/unhz.eu\/#organization\"},\"image\":{\"@id\":\"https:\/\/unhz.eu\/blog\/epopeja-e-dukagjinit-kujtesa-nderimi-uhz\/#primaryimage\"},\"thumbnailUrl\":\"https:\/\/unhz.eu\/wp-content\/uploads\/2026\/03\/Epopeja-e-Dukagjinit_UHZ-3-e1774355336663.jpeg\",\"articleSection\":[\"Slider\"],\"inLanguage\":\"bs-BA\"},{\"@type\":\"WebPage\",\"@id\":\"https:\/\/unhz.eu\/blog\/epopeja-e-dukagjinit-kujtesa-nderimi-uhz\/\",\"url\":\"https:\/\/unhz.eu\/blog\/epopeja-e-dukagjinit-kujtesa-nderimi-uhz\/\",\"name\":\"Epopeja e Dukagjinit \u2013 Nderim dhe Kujtes\u00eb n\u00eb Universitetin Haxhi Zeka\",\"isPartOf\":{\"@id\":\"https:\/\/unhz.eu\/#website\"},\"primaryImageOfPage\":{\"@id\":\"https:\/\/unhz.eu\/blog\/epopeja-e-dukagjinit-kujtesa-nderimi-uhz\/#primaryimage\"},\"image\":{\"@id\":\"https:\/\/unhz.eu\/blog\/epopeja-e-dukagjinit-kujtesa-nderimi-uhz\/#primaryimage\"},\"thumbnailUrl\":\"https:\/\/unhz.eu\/wp-content\/uploads\/2026\/03\/Epopeja-e-Dukagjinit_UHZ-3-e1774355336663.jpeg\",\"datePublished\":\"2026-03-24T12:19:25+00:00\",\"dateModified\":\"2026-03-24T12:29:06+00:00\",\"description\":\"Universiteti \u201cHaxhi Zeka\u201d p\u00ebrkujton Epopej\u00ebn e Dukagjinit n\u00eb Gllogjan, duke nderuar sakrific\u00ebn e d\u00ebshmor\u00ebve t\u00eb liris\u00eb s\u00eb Kosov\u00ebs.\",\"breadcrumb\":{\"@id\":\"https:\/\/unhz.eu\/blog\/epopeja-e-dukagjinit-kujtesa-nderimi-uhz\/#breadcrumb\"},\"inLanguage\":\"bs-BA\",\"potentialAction\":[{\"@type\":\"ReadAction\",\"target\":[\"https:\/\/unhz.eu\/blog\/epopeja-e-dukagjinit-kujtesa-nderimi-uhz\/\"]}]},{\"@type\":\"ImageObject\",\"inLanguage\":\"bs-BA\",\"@id\":\"https:\/\/unhz.eu\/blog\/epopeja-e-dukagjinit-kujtesa-nderimi-uhz\/#primaryimage\",\"url\":\"https:\/\/unhz.eu\/wp-content\/uploads\/2026\/03\/Epopeja-e-Dukagjinit_UHZ-3-e1774355336663.jpeg\",\"contentUrl\":\"https:\/\/unhz.eu\/wp-content\/uploads\/2026\/03\/Epopeja-e-Dukagjinit_UHZ-3-e1774355336663.jpeg\",\"width\":1280,\"height\":768},{\"@type\":\"BreadcrumbList\",\"@id\":\"https:\/\/unhz.eu\/blog\/epopeja-e-dukagjinit-kujtesa-nderimi-uhz\/#breadcrumb\",\"itemListElement\":[{\"@type\":\"ListItem\",\"position\":1,\"name\":\"Home\",\"item\":\"https:\/\/unhz.eu\/\"},{\"@type\":\"ListItem\",\"position\":2,\"name\":\"Epopeja e Dukagjinit \u2013 kujtes\u00eb, nderim dhe p\u00ebrkushtim institucional p\u00ebr lirin\u00eb\"}]},{\"@type\":\"WebSite\",\"@id\":\"https:\/\/unhz.eu\/#website\",\"url\":\"https:\/\/unhz.eu\/\",\"name\":\"Universiteti \u201cHaxhi Zeka\u201d\",\"description\":\"I dedikuar p\u00ebr cil\u00ebsi, standarde dhe suksese\",\"publisher\":{\"@id\":\"https:\/\/unhz.eu\/#organization\"},\"alternateName\":\"Universiteti Haxhi Zeka\",\"potentialAction\":[{\"@type\":\"SearchAction\",\"target\":{\"@type\":\"EntryPoint\",\"urlTemplate\":\"https:\/\/unhz.eu\/?s={search_term_string}\"},\"query-input\":{\"@type\":\"PropertyValueSpecification\",\"valueRequired\":true,\"valueName\":\"search_term_string\"}}],\"inLanguage\":\"bs-BA\"},{\"@type\":\"Organization\",\"@id\":\"https:\/\/unhz.eu\/#organization\",\"name\":\"Universiteti \u201cHaxhi Zeka\u201d\",\"alternateName\":\"Universiteti Haxhi Zeka\",\"url\":\"https:\/\/unhz.eu\/\",\"logo\":{\"@type\":\"ImageObject\",\"inLanguage\":\"bs-BA\",\"@id\":\"https:\/\/unhz.eu\/#\/schema\/logo\/image\/\",\"url\":\"https:\/\/unhz.eu\/wp-content\/uploads\/2025\/04\/logo-unhz.webp\",\"contentUrl\":\"https:\/\/unhz.eu\/wp-content\/uploads\/2025\/04\/logo-unhz.webp\",\"width\":1024,\"height\":260,\"caption\":\"Universiteti \u201cHaxhi Zeka\u201d\"},\"image\":{\"@id\":\"https:\/\/unhz.eu\/#\/schema\/logo\/image\/\"},\"sameAs\":[\"https:\/\/www.facebook.com\/uni.haxhizeka\",\"https:\/\/x.com\/uni_haxhizeka\",\"https:\/\/www.linkedin.com\/school\/haxhi-zeka-university\",\"https:\/\/www.instagram.com\/uni_haxhizeka\/\"],\"description\":\"Universiteti \u201cHaxhi Zeka\u201d n\u00eb Pej\u00eb \u00ebsht\u00eb institucion publik i arsimit t\u00eb lart\u00eb, q\u00eb ofron studime bachelor, master dhe doktorat\u00eb n\u00eb fusha t\u00eb ndryshme si menaxhimi, turizmi, ekonomia, bujq\u00ebsia, arti dhe drejt\u00ebsia. Universiteti synon zhvillimin akademik, hulumtimin shkencor dhe kontributin n\u00eb komunitet.\",\"email\":\"info@unhz.eu\",\"telephone\":\"+38339410970\",\"legalName\":\"Universiteti \u201cHaxhi Zeka\u201d n\u00eb Pej\u00eb\",\"foundingDate\":\"2011-11-14\",\"numberOfEmployees\":{\"@type\":\"QuantitativeValue\",\"minValue\":\"201\",\"maxValue\":\"500\"}},{\"@type\":\"Person\",\"@id\":\"https:\/\/unhz.eu\/#\/schema\/person\/21689325e6e3d012b5f84cf69accd022\",\"name\":\"admin\",\"sameAs\":[\"https:\/\/unhz.eu\"],\"url\":\"https:\/\/unhz.eu\/bs\/blog\/author\/admin\/\"}]}<\/script>\n<!-- \/ Yoast SEO Premium plugin. -->","yoast_head_json":{"title":"Epopeja e Dukagjinit \u2013 Nderim dhe Kujtes\u00eb n\u00eb Universitetin Haxhi Zeka","description":"Universiteti \u201cHaxhi Zeka\u201d p\u00ebrkujton Epopej\u00ebn e Dukagjinit n\u00eb Gllogjan, duke nderuar sakrific\u00ebn e d\u00ebshmor\u00ebve t\u00eb liris\u00eb s\u00eb Kosov\u00ebs.","robots":{"index":"index","follow":"follow","max-snippet":"max-snippet:-1","max-image-preview":"max-image-preview:large","max-video-preview":"max-video-preview:-1"},"canonical":"https:\/\/unhz.eu\/bs\/blog\/epopeja-e-dukagjinit-kujtesa-nderimi-uhz\/","og_locale":"bs_BA","og_type":"article","og_title":"Epopeja e Dukagjinit \u2013 kujtes\u00eb, nderim dhe p\u00ebrkushtim institucional p\u00ebr lirin\u00eb","og_description":"Universiteti \u201cHaxhi Zeka\u201d p\u00ebrkujton Epopej\u00ebn e Dukagjinit n\u00eb Gllogjan, duke nderuar sakrific\u00ebn e d\u00ebshmor\u00ebve t\u00eb liris\u00eb s\u00eb Kosov\u00ebs.","og_url":"https:\/\/unhz.eu\/bs\/blog\/epopeja-e-dukagjinit-kujtesa-nderimi-uhz\/","og_site_name":"University Haxhi Zeka","article_publisher":"https:\/\/www.facebook.com\/uni.haxhizeka","article_published_time":"2026-03-24T12:19:25+00:00","article_modified_time":"2026-03-24T12:29:06+00:00","og_image":[{"width":1280,"height":768,"url":"https:\/\/unhz.eu\/wp-content\/uploads\/2026\/03\/Epopeja-e-Dukagjinit_UHZ-3-e1774355336663.jpeg","type":"image\/jpeg"}],"author":"admin","twitter_card":"summary_large_image","twitter_creator":"@uni_haxhizeka","twitter_site":"@uni_haxhizeka","twitter_misc":{"Written by":"admin","Est. reading time":"4 minute"},"schema":{"@context":"https:\/\/schema.org","@graph":[{"@type":"Article","@id":"https:\/\/unhz.eu\/blog\/epopeja-e-dukagjinit-kujtesa-nderimi-uhz\/#article","isPartOf":{"@id":"https:\/\/unhz.eu\/blog\/epopeja-e-dukagjinit-kujtesa-nderimi-uhz\/"},"author":{"name":"admin","@id":"https:\/\/unhz.eu\/#\/schema\/person\/21689325e6e3d012b5f84cf69accd022"},"headline":"Epopeja e Dukagjinit \u2013 kujtes\u00eb, nderim dhe p\u00ebrkushtim institucional p\u00ebr lirin\u00eb","datePublished":"2026-03-24T12:19:25+00:00","dateModified":"2026-03-24T12:29:06+00:00","mainEntityOfPage":{"@id":"https:\/\/unhz.eu\/blog\/epopeja-e-dukagjinit-kujtesa-nderimi-uhz\/"},"wordCount":527,"publisher":{"@id":"https:\/\/unhz.eu\/#organization"},"image":{"@id":"https:\/\/unhz.eu\/blog\/epopeja-e-dukagjinit-kujtesa-nderimi-uhz\/#primaryimage"},"thumbnailUrl":"https:\/\/unhz.eu\/wp-content\/uploads\/2026\/03\/Epopeja-e-Dukagjinit_UHZ-3-e1774355336663.jpeg","articleSection":["Slider"],"inLanguage":"bs-BA"},{"@type":"WebPage","@id":"https:\/\/unhz.eu\/blog\/epopeja-e-dukagjinit-kujtesa-nderimi-uhz\/","url":"https:\/\/unhz.eu\/blog\/epopeja-e-dukagjinit-kujtesa-nderimi-uhz\/","name":"Epopeja e Dukagjinit \u2013 Nderim dhe Kujtes\u00eb n\u00eb Universitetin Haxhi Zeka","isPartOf":{"@id":"https:\/\/unhz.eu\/#website"},"primaryImageOfPage":{"@id":"https:\/\/unhz.eu\/blog\/epopeja-e-dukagjinit-kujtesa-nderimi-uhz\/#primaryimage"},"image":{"@id":"https:\/\/unhz.eu\/blog\/epopeja-e-dukagjinit-kujtesa-nderimi-uhz\/#primaryimage"},"thumbnailUrl":"https:\/\/unhz.eu\/wp-content\/uploads\/2026\/03\/Epopeja-e-Dukagjinit_UHZ-3-e1774355336663.jpeg","datePublished":"2026-03-24T12:19:25+00:00","dateModified":"2026-03-24T12:29:06+00:00","description":"Universiteti \u201cHaxhi Zeka\u201d p\u00ebrkujton Epopej\u00ebn e Dukagjinit n\u00eb Gllogjan, duke nderuar sakrific\u00ebn e d\u00ebshmor\u00ebve t\u00eb liris\u00eb s\u00eb Kosov\u00ebs.","breadcrumb":{"@id":"https:\/\/unhz.eu\/blog\/epopeja-e-dukagjinit-kujtesa-nderimi-uhz\/#breadcrumb"},"inLanguage":"bs-BA","potentialAction":[{"@type":"ReadAction","target":["https:\/\/unhz.eu\/blog\/epopeja-e-dukagjinit-kujtesa-nderimi-uhz\/"]}]},{"@type":"ImageObject","inLanguage":"bs-BA","@id":"https:\/\/unhz.eu\/blog\/epopeja-e-dukagjinit-kujtesa-nderimi-uhz\/#primaryimage","url":"https:\/\/unhz.eu\/wp-content\/uploads\/2026\/03\/Epopeja-e-Dukagjinit_UHZ-3-e1774355336663.jpeg","contentUrl":"https:\/\/unhz.eu\/wp-content\/uploads\/2026\/03\/Epopeja-e-Dukagjinit_UHZ-3-e1774355336663.jpeg","width":1280,"height":768},{"@type":"BreadcrumbList","@id":"https:\/\/unhz.eu\/blog\/epopeja-e-dukagjinit-kujtesa-nderimi-uhz\/#breadcrumb","itemListElement":[{"@type":"ListItem","position":1,"name":"Home","item":"https:\/\/unhz.eu\/"},{"@type":"ListItem","position":2,"name":"Epopeja e Dukagjinit \u2013 kujtes\u00eb, nderim dhe p\u00ebrkushtim institucional p\u00ebr lirin\u00eb"}]},{"@type":"WebSite","@id":"https:\/\/unhz.eu\/#website","url":"https:\/\/unhz.eu\/","name":"Univerzitet &quot;Had\u017ei Zeka&quot;\u201c","description":"Posve\u0107eni kvaliteti, standardima i uspjehu","publisher":{"@id":"https:\/\/unhz.eu\/#organization"},"alternateName":"Universiteti Haxhi Zeka","potentialAction":[{"@type":"SearchAction","target":{"@type":"EntryPoint","urlTemplate":"https:\/\/unhz.eu\/?s={search_term_string}"},"query-input":{"@type":"PropertyValueSpecification","valueRequired":true,"valueName":"search_term_string"}}],"inLanguage":"bs-BA"},{"@type":"Organization","@id":"https:\/\/unhz.eu\/#organization","name":"Univerzitet &quot;Had\u017ei Zeka&quot;\u201c","alternateName":"Universiteti Haxhi Zeka","url":"https:\/\/unhz.eu\/","logo":{"@type":"ImageObject","inLanguage":"bs-BA","@id":"https:\/\/unhz.eu\/#\/schema\/logo\/image\/","url":"https:\/\/unhz.eu\/wp-content\/uploads\/2025\/04\/logo-unhz.webp","contentUrl":"https:\/\/unhz.eu\/wp-content\/uploads\/2025\/04\/logo-unhz.webp","width":1024,"height":260,"caption":"Universiteti \u201cHaxhi Zeka\u201d"},"image":{"@id":"https:\/\/unhz.eu\/#\/schema\/logo\/image\/"},"sameAs":["https:\/\/www.facebook.com\/uni.haxhizeka","https:\/\/x.com\/uni_haxhizeka","https:\/\/www.linkedin.com\/school\/haxhi-zeka-university","https:\/\/www.instagram.com\/uni_haxhizeka\/"],"description":"Univerzitet &quot;Had\u017ei Zeka&quot; u Pe\u0107i je javna visoko\u0161kolska ustanova koja nudi dodiplomske, master i doktorske studije u raznim oblastima kao \u0161to su menad\u017ement, turizam, ekonomija, poljoprivreda, umjetnost i pravo. Univerzitet ima za cilj akademski razvoj, nau\u010dna istra\u017eivanja i doprinos zajednici.","email":"info@unhz.eu","telephone":"+38339410970","legalName":"Universiteti \u201cHaxhi Zeka\u201d n\u00eb Pej\u00eb","foundingDate":"2011-11-14","numberOfEmployees":{"@type":"QuantitativeValue","minValue":"201","maxValue":"500"}},{"@type":"Person","@id":"https:\/\/unhz.eu\/#\/schema\/person\/21689325e6e3d012b5f84cf69accd022","name":"administrator","sameAs":["https:\/\/unhz.eu"],"url":"https:\/\/unhz.eu\/bs\/blog\/author\/admin\/"}]}},"acf":[],"jetpack_publicize_connections":[],"_links":{"self":[{"href":"https:\/\/unhz.eu\/bs\/wp-json\/wp\/v2\/posts\/60541","targetHints":{"allow":["GET"]}}],"collection":[{"href":"https:\/\/unhz.eu\/bs\/wp-json\/wp\/v2\/posts"}],"about":[{"href":"https:\/\/unhz.eu\/bs\/wp-json\/wp\/v2\/types\/post"}],"author":[{"embeddable":true,"href":"https:\/\/unhz.eu\/bs\/wp-json\/wp\/v2\/users\/1"}],"replies":[{"embeddable":true,"href":"https:\/\/unhz.eu\/bs\/wp-json\/wp\/v2\/comments?post=60541"}],"version-history":[{"count":1,"href":"https:\/\/unhz.eu\/bs\/wp-json\/wp\/v2\/posts\/60541\/revisions"}],"predecessor-version":[{"id":60547,"href":"https:\/\/unhz.eu\/bs\/wp-json\/wp\/v2\/posts\/60541\/revisions\/60547"}],"wp:featuredmedia":[{"embeddable":true,"href":"https:\/\/unhz.eu\/bs\/wp-json\/wp\/v2\/media\/60543"}],"wp:attachment":[{"href":"https:\/\/unhz.eu\/bs\/wp-json\/wp\/v2\/media?parent=60541"}],"wp:term":[{"taxonomy":"category","embeddable":true,"href":"https:\/\/unhz.eu\/bs\/wp-json\/wp\/v2\/categories?post=60541"},{"taxonomy":"post_tag","embeddable":true,"href":"https:\/\/unhz.eu\/bs\/wp-json\/wp\/v2\/tags?post=60541"}],"curies":[{"name":"radni list","href":"https:\/\/api.w.org\/{rel}","templated":true}]}}